{"id":1634,"date":"2023-03-30T17:07:57","date_gmt":"2023-03-30T16:07:57","guid":{"rendered":"https:\/\/mihealtheurope.org\/?p=1634"},"modified":"2024-06-12T09:32:39","modified_gmt":"2024-06-12T08:32:39","slug":"relatorio-da-cimeira-mind-the-gap-sobre-migracao-e-vih","status":"publish","type":"post","link":"https:\/\/mihealtheurope.org\/pt\/mind-the-gap-migration-and-hiv-summit-report\/","title":{"rendered":"Mind the Gap: Relat\u00f3rio da C\u00fapula sobre Migra\u00e7\u00e3o e HIV"},"content":{"rendered":"<p>Reunimos apoiantes e partes interessadas de 21 pa\u00edses europeus nos dias 2 e 3 de novembro de 2022 para a nossa primeira Cimeira anual Mind the Gap: Migra\u00e7\u00e3o e VIH. Embora saibamos que as comunidades migrantes s\u00e3o inovadoras, resilientes e eficazes na cria\u00e7\u00e3o de impacto nas suas localidades, muitas vezes com recursos e apoio institucional limitados, a nossa cimeira foi um reconhecimento de que podemos fazer maiores progressos aproveitando os nossos conhecimentos, experi\u00eancia e perspectivas colectivas para enfrentar os desafios comuns que as comunidades migrantes enfrentam em toda a Europa quando tentam aceder aos cuidados de sa\u00fade.<\/p>\n\n\n\n<div style=\"height:32px\" aria-hidden=\"true\" class=\"wp-block-spacer\"><\/div>\n\n\n\n<p>A cimeira durou dois dias:<\/p>\n\n\n\n<ul class=\"wp-block-list\">\n<li>59 participantes destacaram a experi\u00eancia e a inova\u00e7\u00e3o da comunidade no primeiro dia<\/li>\n\n\n\n<li>73 participantes concentrados numa mesa redonda pol\u00edtica de alto n\u00edvel no segundo dia<\/li>\n<\/ul>\n\n\n\n<p>Conversas e sess\u00f5es entre organiza\u00e7\u00f5es lideradas por migrantes; pessoas que vivem com VIH; acad\u00e9micos; representantes da ONUSIDA, da OMS, da Comiss\u00e3o Europeia e do IAPAC; financiadores; representantes de empresas farmac\u00eauticas; e outros apoiantes apontaram, em \u00faltima an\u00e1lise, para a falta de estatuto de imigrante como a principal barreira que impede os migrantes de acederem aos cuidados de sa\u00fade na Europa. Esta exclus\u00e3o \u00e9 sustentada por:<\/p>\n\n\n\n<ul class=\"wp-block-list\">\n<li>condi\u00e7\u00f5es restritivas ao longo das traject\u00f3rias migrat\u00f3rias que agravam as desigualdades em mat\u00e9ria de sa\u00fade e exp\u00f5em os migrantes a riscos acrescidos para a sa\u00fade<\/li>\n\n\n\n<li>barreiras jur\u00eddicas, sociais, culturais, pr\u00e1ticas e econ\u00f3micas aos servi\u00e7os de preven\u00e7\u00e3o e tratamento do VIH<\/li>\n\n\n\n<li>movimentos anti-migrantes em toda a UE\/EEE<\/li>\n\n\n\n<li>pol\u00edticas punitivas que limitam o apoio aos migrantes em situa\u00e7\u00e3o prec\u00e1ria<\/li>\n\n\n\n<li>vitr\u00edolo, estigma e discrimina\u00e7\u00e3o xen\u00f3fobos, homof\u00f3bicos, transf\u00f3bicos, anti-sexistas e racistas<\/li>\n\n\n\n<li>as consequ\u00eancias da COVID-19 e da guerra na Ucr\u00e2nia, que agravam as disparidades nos cuidados de sa\u00fade, as inadequa\u00e7\u00f5es dos sistemas e as desigualdades sociais e econ\u00f3micas que afectam as comunidades migrantes negras e de minorias \u00e9tnicas<\/li>\n<\/ul>\n\n\n\n<h2 class=\"wp-block-heading\">As lacunas<\/h2>\n\n\n\n<p>O nosso relat\u00f3rio completo apresenta em pormenor as barreiras e lacunas identificadas pelas partes interessadas que impedem a concretiza\u00e7\u00e3o dos cuidados de sa\u00fade universais para os migrantes e que se resumem, em termos gerais, a<\/p>\n\n\n\n<ul class=\"wp-block-list\">\n<li>a lacuna na preven\u00e7\u00e3o e nos testes<\/li>\n\n\n\n<li>o d\u00e9fice de acesso<\/li>\n\n\n\n<li>o d\u00e9fice de dados<\/li>\n\n\n\n<li>a diferen\u00e7a de estigma<\/li>\n\n\n\n<li>a lacuna pol\u00edtica<\/li>\n<\/ul>\n\n\n\n<p>Pode ver as grava\u00e7\u00f5es da cimeira <a href=\"https:\/\/www.youtube.com\/channel\/UCezq1ji_QXHh4UczEM3ae4A\" target=\"_blank\" rel=\"noreferrer noopener\">aqui.<\/a> e descarregue o relat\u00f3rio completo abaixo para ver as explica\u00e7\u00f5es destas lacunas e as recomenda\u00e7\u00f5es das partes interessadas para melhorar os resultados da sa\u00fade dos migrantes. Nossa equipe Mi-Health Europe est\u00e1 liderando um grupo de trabalho para redigir um documento de posi\u00e7\u00e3o com base nos resultados da c\u00fapula e continuamos a coletar dados com nossa Parceria Mi-Health HIV para defender melhor as pol\u00edticas de sa\u00fade inclusivas e responsivas aos migrantes. Esperamos reunir apoiantes e partes interessadas novamente no final de 2023 para reduzir ainda mais essas lacunas e incluir mais plenamente os migrantes que vivem com ou em risco de VIH nos cuidados de sa\u00fade na Europa.<\/p>\n\n\n\n<h2 class=\"wp-block-heading\">Uma nota final<\/h2>\n\n\n\n<p>Sem as diversas perspectivas e conhecimentos especializados de todos os participantes e partes interessadas, a primeira cimeira do g\u00e9nero \"Mind the Gap\" n\u00e3o teria proporcionado a experi\u00eancia cativante e orientada para a a\u00e7\u00e3o que foi. Gostar\u00edamos de agradecer calorosamente a todos pela sua participa\u00e7\u00e3o, entusiasmo e feedback. Os seus conhecimentos e experi\u00eancias foram fundamentais nos debates, no trabalho de grupo e na defini\u00e7\u00e3o da dire\u00e7\u00e3o do nosso trabalho futuro. Gostar\u00edamos tamb\u00e9m de agradecer especialmente aos nossos competentes membros do comit\u00e9 diretor e aos colaboradores da cimeira pelos seus conhecimentos, apoio e tempo. Como sempre, continuamos gratos aos membros da Parceria Mi-Health HIV, bem como ao apoio cont\u00ednuo dos nossos patrocinadores.<\/p>\n\n\n\n<div data-wp-interactive=\"core\/file\" class=\"wp-block-file\"><object data-wp-bind--hidden=\"!state.hasPdfPreview\" hidden class=\"wp-block-file__embed\" data=\"https:\/\/mihealtheurope.org\/wp-content\/uploads\/2023\/03\/Mind-The-Gap-Summit-Report-Nov-2022FX.pdf\" type=\"application\/pdf\" style=\"width:100%;height:530px\" aria-label=\"Incorpora\u00e7\u00e3o de Full report: Mind The Gap Summit Report.\"><\/object><a id=\"wp-block-file--media-bb3d5317-f76a-438d-97a5-6cb1098d70a3\" href=\"https:\/\/mihealtheurope.org\/wp-content\/uploads\/2023\/03\/Mind-The-Gap-Summit-Report-Nov-2022FX.pdf\">Relat\u00f3rio completo: Relat\u00f3rio da Cimeira Mind The Gap<\/a><a href=\"https:\/\/mihealtheurope.org\/wp-content\/uploads\/2023\/03\/Mind-The-Gap-Summit-Report-Nov-2022FX.pdf\" class=\"wp-block-file__button wp-element-button\" download aria-describedby=\"wp-block-file--media-bb3d5317-f76a-438d-97a5-6cb1098d70a3\">Descarregar<\/a><\/div>\n\n\n\n<p>Grava\u00e7\u00f5es da cimeira <a href=\"https:\/\/www.youtube.com\/channel\/UCezq1ji_QXHh4UczEM3ae4A\" target=\"_blank\" rel=\"noreferrer noopener\">aqui.<\/a><\/p>","protected":false},"excerpt":{"rendered":"<p>We brought together supporters and stakeholders from 21 European countries on 2 \u2013 3 November 2022 for our first annual Mind the Gap: Migration and HIV Summit. Though we know that migrant communities are innovative, resilient and effective at creating impact in their localities, oftentimes with limited resources and institutional support, our summit was an [&hellip;]<\/p>\n","protected":false},"author":2,"featured_media":1657,"comment_status":"closed","ping_status":"closed","sticky":false,"template":"","format":"standard","meta":{"_acf_changed":false,"_uag_custom_page_level_css":"","footnotes":""},"categories":[1],"tags":[],"class_list":["post-1634","post","type-post","status-publish","format-standard","has-post-thumbnail","hentry","category-community-blog"],"acf":[],"yoast_head":"<!-- This site is optimized with the Yoast SEO plugin v27.4 - https:\/\/yoast.com\/product\/yoast-seo-wordpress\/ -->\n<title>Migrant HIV Healthcare Summit Report \u2013 Mind the Gap 2023 - Mi-Health Europe<\/title>\n<meta name=\"description\" content=\"Discover the 2023 Mind the Gap: Migrant HIV Healthcare Summit outcomes, addressing barriers and advocating for inclusive healthcare.\" \/>\n<meta name=\"robots\" content=\"index, follow, max-snippet:-1, max-image-preview:large, max-video-preview:-1\" \/>\n<link rel=\"canonical\" href=\"https:\/\/mihealtheurope.org\/pt\/relatorio-da-cimeira-mind-the-gap-sobre-migracao-e-vih\/\" \/>\n<meta property=\"og:locale\" content=\"pt_PT\" \/>\n<meta property=\"og:type\" content=\"article\" \/>\n<meta property=\"og:title\" content=\"Migrant HIV Healthcare Summit Report \u2013 Mind the Gap 2023 - Mi-Health Europe\" \/>\n<meta property=\"og:description\" content=\"Discover the 2023 Mind the Gap: Migrant HIV Healthcare Summit outcomes, addressing barriers and advocating for inclusive healthcare.\" \/>\n<meta property=\"og:url\" content=\"https:\/\/mihealtheurope.org\/pt\/relatorio-da-cimeira-mind-the-gap-sobre-migracao-e-vih\/\" \/>\n<meta property=\"og:site_name\" content=\"Mi-Health Europe\" \/>\n<meta property=\"article:publisher\" content=\"https:\/\/www.facebook.com\/MiHealthAAF\" \/>\n<meta property=\"article:published_time\" content=\"2023-03-30T16:07:57+00:00\" \/>\n<meta property=\"article:modified_time\" content=\"2024-06-12T08:32:39+00:00\" \/>\n<meta property=\"og:image\" content=\"https:\/\/mihealtheurope.org\/wp-content\/uploads\/2023\/03\/3EB8A8D3-35E7-47DE-B2BA-36486994DA41_1_105_c.jpeg\" \/>\n\t<meta property=\"og:image:width\" content=\"1024\" \/>\n\t<meta property=\"og:image:height\" content=\"768\" \/>\n\t<meta property=\"og:image:type\" content=\"image\/jpeg\" \/>\n<meta name=\"author\" content=\"Anne\" \/>\n<meta name=\"twitter:card\" content=\"summary_large_image\" \/>\n<meta name=\"twitter:creator\" content=\"@MiHealth_Europe\" \/>\n<meta name=\"twitter:site\" content=\"@MiHealth_Europe\" \/>\n<meta name=\"twitter:label1\" content=\"Escrito por\" \/>\n\t<meta name=\"twitter:data1\" content=\"Anne\" \/>\n\t<meta name=\"twitter:label2\" content=\"Tempo estimado de leitura\" \/>\n\t<meta name=\"twitter:data2\" content=\"3 minutos\" \/>\n<script type=\"application\/ld+json\" class=\"yoast-schema-graph\">{\"@context\":\"https:\\\/\\\/schema.org\",\"@graph\":[{\"@type\":\"Article\",\"@id\":\"https:\\\/\\\/mihealtheurope.org\\\/mind-the-gap-migration-and-hiv-summit-report\\\/#article\",\"isPartOf\":{\"@id\":\"https:\\\/\\\/mihealtheurope.org\\\/mind-the-gap-migration-and-hiv-summit-report\\\/\"},\"author\":{\"name\":\"Anne\",\"@id\":\"https:\\\/\\\/mihealtheurope.org\\\/#\\\/schema\\\/person\\\/eff0ed087a06c7b3c19d0ef499797d24\"},\"headline\":\"Mind the Gap: Migration and HIV Summit Report\",\"datePublished\":\"2023-03-30T16:07:57+00:00\",\"dateModified\":\"2024-06-12T08:32:39+00:00\",\"mainEntityOfPage\":{\"@id\":\"https:\\\/\\\/mihealtheurope.org\\\/mind-the-gap-migration-and-hiv-summit-report\\\/\"},\"wordCount\":514,\"publisher\":{\"@id\":\"https:\\\/\\\/mihealtheurope.org\\\/#organization\"},\"image\":{\"@id\":\"https:\\\/\\\/mihealtheurope.org\\\/mind-the-gap-migration-and-hiv-summit-report\\\/#primaryimage\"},\"thumbnailUrl\":\"https:\\\/\\\/mihealtheurope.org\\\/wp-content\\\/uploads\\\/2023\\\/03\\\/3EB8A8D3-35E7-47DE-B2BA-36486994DA41_1_105_c.jpeg\",\"articleSection\":[\"Community of Practice\"],\"inLanguage\":\"pt-PT\"},{\"@type\":\"WebPage\",\"@id\":\"https:\\\/\\\/mihealtheurope.org\\\/mind-the-gap-migration-and-hiv-summit-report\\\/\",\"url\":\"https:\\\/\\\/mihealtheurope.org\\\/mind-the-gap-migration-and-hiv-summit-report\\\/\",\"name\":\"Migrant HIV Healthcare Summit Report \u2013 Mind the Gap 2023 - Mi-Health Europe\",\"isPartOf\":{\"@id\":\"https:\\\/\\\/mihealtheurope.org\\\/#website\"},\"primaryImageOfPage\":{\"@id\":\"https:\\\/\\\/mihealtheurope.org\\\/mind-the-gap-migration-and-hiv-summit-report\\\/#primaryimage\"},\"image\":{\"@id\":\"https:\\\/\\\/mihealtheurope.org\\\/mind-the-gap-migration-and-hiv-summit-report\\\/#primaryimage\"},\"thumbnailUrl\":\"https:\\\/\\\/mihealtheurope.org\\\/wp-content\\\/uploads\\\/2023\\\/03\\\/3EB8A8D3-35E7-47DE-B2BA-36486994DA41_1_105_c.jpeg\",\"datePublished\":\"2023-03-30T16:07:57+00:00\",\"dateModified\":\"2024-06-12T08:32:39+00:00\",\"description\":\"Discover the 2023 Mind the Gap: Migrant HIV Healthcare Summit outcomes, addressing barriers and advocating for inclusive healthcare.\",\"breadcrumb\":{\"@id\":\"https:\\\/\\\/mihealtheurope.org\\\/mind-the-gap-migration-and-hiv-summit-report\\\/#breadcrumb\"},\"inLanguage\":\"pt-PT\",\"potentialAction\":[{\"@type\":\"ReadAction\",\"target\":[\"https:\\\/\\\/mihealtheurope.org\\\/mind-the-gap-migration-and-hiv-summit-report\\\/\"]}]},{\"@type\":\"ImageObject\",\"inLanguage\":\"pt-PT\",\"@id\":\"https:\\\/\\\/mihealtheurope.org\\\/mind-the-gap-migration-and-hiv-summit-report\\\/#primaryimage\",\"url\":\"https:\\\/\\\/mihealtheurope.org\\\/wp-content\\\/uploads\\\/2023\\\/03\\\/3EB8A8D3-35E7-47DE-B2BA-36486994DA41_1_105_c.jpeg\",\"contentUrl\":\"https:\\\/\\\/mihealtheurope.org\\\/wp-content\\\/uploads\\\/2023\\\/03\\\/3EB8A8D3-35E7-47DE-B2BA-36486994DA41_1_105_c.jpeg\",\"width\":1024,\"height\":768,\"caption\":\"Discover the 2023 Mind the Gap: Migrant HIV Healthcare Summit outcomes, addressing barriers and advocating for inclusive healthcare.\"},{\"@type\":\"BreadcrumbList\",\"@id\":\"https:\\\/\\\/mihealtheurope.org\\\/mind-the-gap-migration-and-hiv-summit-report\\\/#breadcrumb\",\"itemListElement\":[{\"@type\":\"ListItem\",\"position\":1,\"name\":\"Home\",\"item\":\"https:\\\/\\\/mihealtheurope.org\\\/\"},{\"@type\":\"ListItem\",\"position\":2,\"name\":\"Mind the Gap: Migration and HIV Summit Report\"}]},{\"@type\":\"WebSite\",\"@id\":\"https:\\\/\\\/mihealtheurope.org\\\/#website\",\"url\":\"https:\\\/\\\/mihealtheurope.org\\\/\",\"name\":\"https:\\\/\\\/mihealtheurope.org\\\/\",\"description\":\"Improving migrant health\",\"publisher\":{\"@id\":\"https:\\\/\\\/mihealtheurope.org\\\/#organization\"},\"potentialAction\":[{\"@type\":\"SearchAction\",\"target\":{\"@type\":\"EntryPoint\",\"urlTemplate\":\"https:\\\/\\\/mihealtheurope.org\\\/?s={search_term_string}\"},\"query-input\":{\"@type\":\"PropertyValueSpecification\",\"valueRequired\":true,\"valueName\":\"search_term_string\"}}],\"inLanguage\":\"pt-PT\"},{\"@type\":\"Organization\",\"@id\":\"https:\\\/\\\/mihealtheurope.org\\\/#organization\",\"name\":\"Mi-Health Europe\",\"url\":\"https:\\\/\\\/mihealtheurope.org\\\/\",\"logo\":{\"@type\":\"ImageObject\",\"inLanguage\":\"pt-PT\",\"@id\":\"https:\\\/\\\/mihealtheurope.org\\\/#\\\/schema\\\/logo\\\/image\\\/\",\"url\":\"https:\\\/\\\/mihealtheurope.org\\\/wp-content\\\/uploads\\\/2024\\\/04\\\/MiHealth_Blue-High-Res.png\",\"contentUrl\":\"https:\\\/\\\/mihealtheurope.org\\\/wp-content\\\/uploads\\\/2024\\\/04\\\/MiHealth_Blue-High-Res.png\",\"width\":1536,\"height\":1489,\"caption\":\"Mi-Health Europe\"},\"image\":{\"@id\":\"https:\\\/\\\/mihealtheurope.org\\\/#\\\/schema\\\/logo\\\/image\\\/\"},\"sameAs\":[\"https:\\\/\\\/www.facebook.com\\\/MiHealthAAF\",\"https:\\\/\\\/x.com\\\/MiHealth_Europe\",\"https:\\\/\\\/www.instagram.com\\\/mi_health_advocacy\\\/\"]},{\"@type\":\"Person\",\"@id\":\"https:\\\/\\\/mihealtheurope.org\\\/#\\\/schema\\\/person\\\/eff0ed087a06c7b3c19d0ef499797d24\",\"name\":\"Anne\",\"image\":{\"@type\":\"ImageObject\",\"inLanguage\":\"pt-PT\",\"@id\":\"https:\\\/\\\/secure.gravatar.com\\\/avatar\\\/eab9b9f6bebf9facc578054c5ca32e84466d17d96bfa364ca6baa18024694984?s=96&d=mm&r=g\",\"url\":\"https:\\\/\\\/secure.gravatar.com\\\/avatar\\\/eab9b9f6bebf9facc578054c5ca32e84466d17d96bfa364ca6baa18024694984?s=96&d=mm&r=g\",\"contentUrl\":\"https:\\\/\\\/secure.gravatar.com\\\/avatar\\\/eab9b9f6bebf9facc578054c5ca32e84466d17d96bfa364ca6baa18024694984?s=96&d=mm&r=g\",\"caption\":\"Anne\"},\"url\":\"https:\\\/\\\/mihealtheurope.org\\\/pt\\\/author\\\/annemi\\\/\"}]}<\/script>\n<!-- \/ Yoast SEO plugin. -->","yoast_head_json":{"title":"Relat\u00f3rio da Cimeira sobre Cuidados de Sa\u00fade para o VIH dos Migrantes - Mind the Gap 2023 - Mi-Health Europe","description":"Descubra os resultados da Cimeira \"Mind the Gap: Migrant HIV Healthcare Summit\" de 2023, abordando as barreiras e defendendo cuidados de sa\u00fade inclusivos.","robots":{"index":"index","follow":"follow","max-snippet":"max-snippet:-1","max-image-preview":"max-image-preview:large","max-video-preview":"max-video-preview:-1"},"canonical":"https:\/\/mihealtheurope.org\/pt\/relatorio-da-cimeira-mind-the-gap-sobre-migracao-e-vih\/","og_locale":"pt_PT","og_type":"article","og_title":"Migrant HIV Healthcare Summit Report \u2013 Mind the Gap 2023 - Mi-Health Europe","og_description":"Discover the 2023 Mind the Gap: Migrant HIV Healthcare Summit outcomes, addressing barriers and advocating for inclusive healthcare.","og_url":"https:\/\/mihealtheurope.org\/pt\/relatorio-da-cimeira-mind-the-gap-sobre-migracao-e-vih\/","og_site_name":"Mi-Health Europe","article_publisher":"https:\/\/www.facebook.com\/MiHealthAAF","article_published_time":"2023-03-30T16:07:57+00:00","article_modified_time":"2024-06-12T08:32:39+00:00","og_image":[{"width":1024,"height":768,"url":"https:\/\/mihealtheurope.org\/wp-content\/uploads\/2023\/03\/3EB8A8D3-35E7-47DE-B2BA-36486994DA41_1_105_c.jpeg","type":"image\/jpeg"}],"author":"Anne","twitter_card":"summary_large_image","twitter_creator":"@MiHealth_Europe","twitter_site":"@MiHealth_Europe","twitter_misc":{"Escrito por":"Anne","Tempo estimado de leitura":"3 minutos"},"schema":{"@context":"https:\/\/schema.org","@graph":[{"@type":"Article","@id":"https:\/\/mihealtheurope.org\/mind-the-gap-migration-and-hiv-summit-report\/#article","isPartOf":{"@id":"https:\/\/mihealtheurope.org\/mind-the-gap-migration-and-hiv-summit-report\/"},"author":{"name":"Anne","@id":"https:\/\/mihealtheurope.org\/#\/schema\/person\/eff0ed087a06c7b3c19d0ef499797d24"},"headline":"Mind the Gap: Migration and HIV Summit Report","datePublished":"2023-03-30T16:07:57+00:00","dateModified":"2024-06-12T08:32:39+00:00","mainEntityOfPage":{"@id":"https:\/\/mihealtheurope.org\/mind-the-gap-migration-and-hiv-summit-report\/"},"wordCount":514,"publisher":{"@id":"https:\/\/mihealtheurope.org\/#organization"},"image":{"@id":"https:\/\/mihealtheurope.org\/mind-the-gap-migration-and-hiv-summit-report\/#primaryimage"},"thumbnailUrl":"https:\/\/mihealtheurope.org\/wp-content\/uploads\/2023\/03\/3EB8A8D3-35E7-47DE-B2BA-36486994DA41_1_105_c.jpeg","articleSection":["Community of Practice"],"inLanguage":"pt-PT"},{"@type":"WebPage","@id":"https:\/\/mihealtheurope.org\/mind-the-gap-migration-and-hiv-summit-report\/","url":"https:\/\/mihealtheurope.org\/mind-the-gap-migration-and-hiv-summit-report\/","name":"Relat\u00f3rio da Cimeira sobre Cuidados de Sa\u00fade para o VIH dos Migrantes - Mind the Gap 2023 - Mi-Health Europe","isPartOf":{"@id":"https:\/\/mihealtheurope.org\/#website"},"primaryImageOfPage":{"@id":"https:\/\/mihealtheurope.org\/mind-the-gap-migration-and-hiv-summit-report\/#primaryimage"},"image":{"@id":"https:\/\/mihealtheurope.org\/mind-the-gap-migration-and-hiv-summit-report\/#primaryimage"},"thumbnailUrl":"https:\/\/mihealtheurope.org\/wp-content\/uploads\/2023\/03\/3EB8A8D3-35E7-47DE-B2BA-36486994DA41_1_105_c.jpeg","datePublished":"2023-03-30T16:07:57+00:00","dateModified":"2024-06-12T08:32:39+00:00","description":"Descubra os resultados da Cimeira \"Mind the Gap: Migrant HIV Healthcare Summit\" de 2023, abordando as barreiras e defendendo cuidados de sa\u00fade inclusivos.","breadcrumb":{"@id":"https:\/\/mihealtheurope.org\/mind-the-gap-migration-and-hiv-summit-report\/#breadcrumb"},"inLanguage":"pt-PT","potentialAction":[{"@type":"ReadAction","target":["https:\/\/mihealtheurope.org\/mind-the-gap-migration-and-hiv-summit-report\/"]}]},{"@type":"ImageObject","inLanguage":"pt-PT","@id":"https:\/\/mihealtheurope.org\/mind-the-gap-migration-and-hiv-summit-report\/#primaryimage","url":"https:\/\/mihealtheurope.org\/wp-content\/uploads\/2023\/03\/3EB8A8D3-35E7-47DE-B2BA-36486994DA41_1_105_c.jpeg","contentUrl":"https:\/\/mihealtheurope.org\/wp-content\/uploads\/2023\/03\/3EB8A8D3-35E7-47DE-B2BA-36486994DA41_1_105_c.jpeg","width":1024,"height":768,"caption":"Discover the 2023 Mind the Gap: Migrant HIV Healthcare Summit outcomes, addressing barriers and advocating for inclusive healthcare."},{"@type":"BreadcrumbList","@id":"https:\/\/mihealtheurope.org\/mind-the-gap-migration-and-hiv-summit-report\/#breadcrumb","itemListElement":[{"@type":"ListItem","position":1,"name":"Home","item":"https:\/\/mihealtheurope.org\/"},{"@type":"ListItem","position":2,"name":"Mind the Gap: Migration and HIV Summit Report"}]},{"@type":"WebSite","@id":"https:\/\/mihealtheurope.org\/#website","url":"https:\/\/mihealtheurope.org\/","name":"https:\/\/mihealtheurope.org\/","description":"Melhorar a sa\u00fade dos migrantes","publisher":{"@id":"https:\/\/mihealtheurope.org\/#organization"},"potentialAction":[{"@type":"SearchAction","target":{"@type":"EntryPoint","urlTemplate":"https:\/\/mihealtheurope.org\/?s={search_term_string}"},"query-input":{"@type":"PropertyValueSpecification","valueRequired":true,"valueName":"search_term_string"}}],"inLanguage":"pt-PT"},{"@type":"Organization","@id":"https:\/\/mihealtheurope.org\/#organization","name":"Mi-Health Europe","url":"https:\/\/mihealtheurope.org\/","logo":{"@type":"ImageObject","inLanguage":"pt-PT","@id":"https:\/\/mihealtheurope.org\/#\/schema\/logo\/image\/","url":"https:\/\/mihealtheurope.org\/wp-content\/uploads\/2024\/04\/MiHealth_Blue-High-Res.png","contentUrl":"https:\/\/mihealtheurope.org\/wp-content\/uploads\/2024\/04\/MiHealth_Blue-High-Res.png","width":1536,"height":1489,"caption":"Mi-Health Europe"},"image":{"@id":"https:\/\/mihealtheurope.org\/#\/schema\/logo\/image\/"},"sameAs":["https:\/\/www.facebook.com\/MiHealthAAF","https:\/\/x.com\/MiHealth_Europe","https:\/\/www.instagram.com\/mi_health_advocacy\/"]},{"@type":"Person","@id":"https:\/\/mihealtheurope.org\/#\/schema\/person\/eff0ed087a06c7b3c19d0ef499797d24","name":"Ana","image":{"@type":"ImageObject","inLanguage":"pt-PT","@id":"https:\/\/secure.gravatar.com\/avatar\/eab9b9f6bebf9facc578054c5ca32e84466d17d96bfa364ca6baa18024694984?s=96&d=mm&r=g","url":"https:\/\/secure.gravatar.com\/avatar\/eab9b9f6bebf9facc578054c5ca32e84466d17d96bfa364ca6baa18024694984?s=96&d=mm&r=g","contentUrl":"https:\/\/secure.gravatar.com\/avatar\/eab9b9f6bebf9facc578054c5ca32e84466d17d96bfa364ca6baa18024694984?s=96&d=mm&r=g","caption":"Anne"},"url":"https:\/\/mihealtheurope.org\/pt\/author\/annemi\/"}]}},"uagb_featured_image_src":{"full":["https:\/\/mihealtheurope.org\/wp-content\/uploads\/2023\/03\/3EB8A8D3-35E7-47DE-B2BA-36486994DA41_1_105_c.jpeg",1024,768,false],"thumbnail":["https:\/\/mihealtheurope.org\/wp-content\/uploads\/2023\/03\/3EB8A8D3-35E7-47DE-B2BA-36486994DA41_1_105_c-150x150.jpeg",150,150,true],"medium":["https:\/\/mihealtheurope.org\/wp-content\/uploads\/2023\/03\/3EB8A8D3-35E7-47DE-B2BA-36486994DA41_1_105_c-300x225.jpeg",300,225,true],"medium_large":["https:\/\/mihealtheurope.org\/wp-content\/uploads\/2023\/03\/3EB8A8D3-35E7-47DE-B2BA-36486994DA41_1_105_c-768x576.jpeg",768,576,true],"large":["https:\/\/mihealtheurope.org\/wp-content\/uploads\/2023\/03\/3EB8A8D3-35E7-47DE-B2BA-36486994DA41_1_105_c.jpeg",1024,768,false],"1536x1536":["https:\/\/mihealtheurope.org\/wp-content\/uploads\/2023\/03\/3EB8A8D3-35E7-47DE-B2BA-36486994DA41_1_105_c.jpeg",1024,768,false],"2048x2048":["https:\/\/mihealtheurope.org\/wp-content\/uploads\/2023\/03\/3EB8A8D3-35E7-47DE-B2BA-36486994DA41_1_105_c.jpeg",1024,768,false],"trp-custom-language-flag":["https:\/\/mihealtheurope.org\/wp-content\/uploads\/2023\/03\/3EB8A8D3-35E7-47DE-B2BA-36486994DA41_1_105_c-16x12.jpeg",16,12,true],"blog-img":["https:\/\/mihealtheurope.org\/wp-content\/uploads\/2023\/03\/3EB8A8D3-35E7-47DE-B2BA-36486994DA41_1_105_c-600x400.jpeg",600,400,true],"gform-image-choice-sm":["https:\/\/mihealtheurope.org\/wp-content\/uploads\/2023\/03\/3EB8A8D3-35E7-47DE-B2BA-36486994DA41_1_105_c.jpeg",300,225,false],"gform-image-choice-md":["https:\/\/mihealtheurope.org\/wp-content\/uploads\/2023\/03\/3EB8A8D3-35E7-47DE-B2BA-36486994DA41_1_105_c.jpeg",400,300,false],"gform-image-choice-lg":["https:\/\/mihealtheurope.org\/wp-content\/uploads\/2023\/03\/3EB8A8D3-35E7-47DE-B2BA-36486994DA41_1_105_c.jpeg",600,450,false]},"uagb_author_info":{"display_name":"Anne","author_link":"https:\/\/mihealtheurope.org\/pt\/author\/annemi\/"},"uagb_comment_info":0,"uagb_excerpt":"We brought together supporters and stakeholders from 21 European countries on 2 \u2013 3 November 2022 for our first annual Mind the Gap: Migration and HIV Summit. Though we know that migrant communities are innovative, resilient and effective at creating impact in their localities, oftentimes with limited resources and institutional support, our summit was an&hellip;","_links":{"self":[{"href":"https:\/\/mihealtheurope.org\/pt\/wp-json\/wp\/v2\/posts\/1634","targetHints":{"allow":["GET"]}}],"collection":[{"href":"https:\/\/mihealtheurope.org\/pt\/wp-json\/wp\/v2\/posts"}],"about":[{"href":"https:\/\/mihealtheurope.org\/pt\/wp-json\/wp\/v2\/types\/post"}],"author":[{"embeddable":true,"href":"https:\/\/mihealtheurope.org\/pt\/wp-json\/wp\/v2\/users\/2"}],"replies":[{"embeddable":true,"href":"https:\/\/mihealtheurope.org\/pt\/wp-json\/wp\/v2\/comments?post=1634"}],"version-history":[{"count":14,"href":"https:\/\/mihealtheurope.org\/pt\/wp-json\/wp\/v2\/posts\/1634\/revisions"}],"predecessor-version":[{"id":1670,"href":"https:\/\/mihealtheurope.org\/pt\/wp-json\/wp\/v2\/posts\/1634\/revisions\/1670"}],"wp:featuredmedia":[{"embeddable":true,"href":"https:\/\/mihealtheurope.org\/pt\/wp-json\/wp\/v2\/media\/1657"}],"wp:attachment":[{"href":"https:\/\/mihealtheurope.org\/pt\/wp-json\/wp\/v2\/media?parent=1634"}],"wp:term":[{"taxonomy":"category","embeddable":true,"href":"https:\/\/mihealtheurope.org\/pt\/wp-json\/wp\/v2\/categories?post=1634"},{"taxonomy":"post_tag","embeddable":true,"href":"https:\/\/mihealtheurope.org\/pt\/wp-json\/wp\/v2\/tags?post=1634"}],"curies":[{"name":"wp","href":"https:\/\/api.w.org\/{rel}","templated":true}]}}