{"id":1781,"date":"2023-10-09T16:00:21","date_gmt":"2023-10-09T15:00:21","guid":{"rendered":"https:\/\/mihealtheurope.org\/?p=1781"},"modified":"2024-06-10T14:32:31","modified_gmt":"2024-06-10T13:32:31","slug":"kit-de-formation-sur-la-sante-des-migrants","status":"publish","type":"post","link":"https:\/\/mihealtheurope.org\/fr\/migrant-health-training-toolkit\/","title":{"rendered":"Bo\u00eete \u00e0 Outils de Formation sur la Sant\u00e9 des Migrants"},"content":{"rendered":"<p>Cette bo\u00eete \u00e0 outils propose des ressources et des informations pratiques aux d\u00e9fenseurs de la sant\u00e9 des migrants qui s'efforcent d'am\u00e9liorer l'\u00e9tat de sant\u00e9 li\u00e9 au VIH des migrants en situation pr\u00e9caire dans l'ensemble de la r\u00e9gion europ\u00e9enne. Ces documents peuvent \u00eatre utilis\u00e9s dans le cadre d'un travail direct avec les migrants ou d'un plaidoyer li\u00e9 au VIH, aux soins de sant\u00e9 et\/ou \u00e0 l'immigration. Cette bo\u00eete \u00e0 outils s'appuie sur le contenu du programme de formation annuel de l'AAF et de Mi-Health Europe destin\u00e9 aux d\u00e9fenseurs de la sant\u00e9 des migrants, <a href=\"https:\/\/mihealtheurope.org\/fr\/mi-care\/\">Mi-Care<\/a>. <\/p>\n\n\n\n<p>Le VIH, la sant\u00e9 des migrants, l'immigration et la politique de sant\u00e9 sont des sujets complexes et \u00e9volutifs. Bien que ces documents soient exacts \u00e0 la date indiqu\u00e9e ci-dessous, il ne s'agit pas d'une ressource exhaustive.<\/p>\n\n\n\n<div style=\"height:45px\" aria-hidden=\"true\" class=\"wp-block-spacer\"><\/div>\n\n\n\n<div class=\"wp-block-pb-accordion-item c-accordion__item js-accordion-item no-js\" data-initially-open=\"false\" data-click-to-close=\"true\" data-auto-close=\"true\" data-scroll=\"false\" data-scroll-offset=\"0\"><h2 id=\"at-17810\" class=\"c-accordion__title js-accordion-controller\" role=\"button\">Module 1 : In\u00e9galit\u00e9s de sant\u00e9<\/h2><div id=\"ac-17810\" class=\"c-accordion__content\">\n<p>Ce module couvre les in\u00e9galit\u00e9s en mati\u00e8re de sant\u00e9 et les d\u00e9terminants sociaux de la sant\u00e9 pertinents pour les populations migrantes, en mettant l'accent sur les points suivants <a href=\"https:\/\/home-affairs.ec.europa.eu\/networks\/european-migration-network-emn\/emn-asylum-and-migration-glossary\/glossary\/xenophobia_en\" target=\"_blank\" rel=\"noreferrer noopener\">x\u00e9nophobie<\/a> et la discrimination.<\/p>\n\n\n\n<p>Les donn\u00e9es sont exactes \u00e0 partir de 2021.<\/p>\n\n\n\n<div class=\"wp-block-media-text is-stacked-on-mobile\"><figure class=\"wp-block-media-text__media\"><img loading=\"lazy\" decoding=\"async\" width=\"1024\" height=\"580\" src=\"https:\/\/mihealtheurope.org\/wp-content\/uploads\/2023\/10\/Inequalities-1024x580.jpg\" alt=\"In\u00e9galit\u00e9s de sant\u00e9\" class=\"wp-image-1862 size-full\" srcset=\"https:\/\/mihealtheurope.org\/wp-content\/uploads\/2023\/10\/Inequalities-1024x580.jpg 1024w, https:\/\/mihealtheurope.org\/wp-content\/uploads\/2023\/10\/Inequalities-300x170.jpg 300w, https:\/\/mihealtheurope.org\/wp-content\/uploads\/2023\/10\/Inequalities-768x435.jpg 768w, https:\/\/mihealtheurope.org\/wp-content\/uploads\/2023\/10\/Inequalities-18x10.jpg 18w, https:\/\/mihealtheurope.org\/wp-content\/uploads\/2023\/10\/Inequalities.jpg 1293w\" sizes=\"auto, (max-width: 1024px) 100vw, 1024px\" \/><\/figure><div class=\"wp-block-media-text__content\">\n<p><a href=\"https:\/\/mihealtheurope.org\/wp-content\/uploads\/2023\/10\/Health-Inequalities-for-Migrant-Individuals.pdf\">In\u00e9galit\u00e9s de sant\u00e9 pour les personnes migrantes<\/a><\/p>\n<\/div><\/div>\n\n\n\n<div class=\"wp-block-media-text is-stacked-on-mobile\"><figure class=\"wp-block-media-text__media\"><img loading=\"lazy\" decoding=\"async\" width=\"1024\" height=\"582\" src=\"https:\/\/mihealtheurope.org\/wp-content\/uploads\/2023\/10\/Medical-1024x582.jpg\" alt=\"In\u00e9galit\u00e9s de sant\u00e9\" class=\"wp-image-1863 size-full\" srcset=\"https:\/\/mihealtheurope.org\/wp-content\/uploads\/2023\/10\/Medical-1024x582.jpg 1024w, https:\/\/mihealtheurope.org\/wp-content\/uploads\/2023\/10\/Medical-300x171.jpg 300w, https:\/\/mihealtheurope.org\/wp-content\/uploads\/2023\/10\/Medical-768x437.jpg 768w, https:\/\/mihealtheurope.org\/wp-content\/uploads\/2023\/10\/Medical-18x10.jpg 18w, https:\/\/mihealtheurope.org\/wp-content\/uploads\/2023\/10\/Medical.jpg 1113w\" sizes=\"auto, (max-width: 1024px) 100vw, 1024px\" \/><\/figure><div class=\"wp-block-media-text__content\">\n<p><a href=\"https:\/\/mihealtheurope.org\/wp-content\/uploads\/2023\/10\/Social-Determinants-of-Health-Medical.pdf\">D\u00e9terminants sociaux de la sant\u00e9 : M\u00e9dical<\/a><\/p>\n<\/div><\/div>\n\n\n\n<div class=\"wp-block-media-text is-stacked-on-mobile\"><figure class=\"wp-block-media-text__media\"><img loading=\"lazy\" decoding=\"async\" width=\"1024\" height=\"583\" src=\"https:\/\/mihealtheurope.org\/wp-content\/uploads\/2023\/10\/Non-medical-1024x583.jpg\" alt=\"In\u00e9galit\u00e9s de sant\u00e9\" class=\"wp-image-1864 size-full\" srcset=\"https:\/\/mihealtheurope.org\/wp-content\/uploads\/2023\/10\/Non-medical-1024x583.jpg 1024w, https:\/\/mihealtheurope.org\/wp-content\/uploads\/2023\/10\/Non-medical-300x171.jpg 300w, https:\/\/mihealtheurope.org\/wp-content\/uploads\/2023\/10\/Non-medical-768x438.jpg 768w, https:\/\/mihealtheurope.org\/wp-content\/uploads\/2023\/10\/Non-medical-18x10.jpg 18w, https:\/\/mihealtheurope.org\/wp-content\/uploads\/2023\/10\/Non-medical.jpg 1111w\" sizes=\"auto, (max-width: 1024px) 100vw, 1024px\" \/><\/figure><div class=\"wp-block-media-text__content\">\n<p><a href=\"https:\/\/mihealtheurope.org\/wp-content\/uploads\/2023\/10\/Social-Determinants-of-Health-Non-medical.pdf\">D\u00e9terminants sociaux de la sant\u00e9 : Non-m\u00e9dical<\/a><\/p>\n<\/div><\/div>\n\n\n\n<div class=\"wp-block-media-text is-stacked-on-mobile\"><figure class=\"wp-block-media-text__media\"><img loading=\"lazy\" decoding=\"async\" width=\"1024\" height=\"581\" src=\"https:\/\/mihealtheurope.org\/wp-content\/uploads\/2023\/10\/Xenophobia-1024x581.jpg\" alt=\"\" class=\"wp-image-1867 size-full\" srcset=\"https:\/\/mihealtheurope.org\/wp-content\/uploads\/2023\/10\/Xenophobia-1024x581.jpg 1024w, https:\/\/mihealtheurope.org\/wp-content\/uploads\/2023\/10\/Xenophobia-300x170.jpg 300w, https:\/\/mihealtheurope.org\/wp-content\/uploads\/2023\/10\/Xenophobia-768x435.jpg 768w, https:\/\/mihealtheurope.org\/wp-content\/uploads\/2023\/10\/Xenophobia-18x10.jpg 18w, https:\/\/mihealtheurope.org\/wp-content\/uploads\/2023\/10\/Xenophobia.jpg 1113w\" sizes=\"auto, (max-width: 1024px) 100vw, 1024px\" \/><\/figure><div class=\"wp-block-media-text__content\">\n<p><a href=\"https:\/\/mihealtheurope.org\/wp-content\/uploads\/2023\/10\/Impact-of-Xenophobia-Discrimination-on-Migration-and-Migrant-Health-Outcomes.pdf\">Impact de la x\u00e9nophobie et de la discrimination sur la migration et la sant\u00e9 des migrants<\/a><\/p>\n<\/div><\/div>\n<\/div><\/div>\n\n\n\n<div style=\"height:45px\" aria-hidden=\"true\" class=\"wp-block-spacer\"><\/div>\n\n\n\n<div class=\"wp-block-pb-accordion-item c-accordion__item js-accordion-item no-js\" data-initially-open=\"false\" data-click-to-close=\"true\" data-auto-close=\"true\" data-scroll=\"false\" data-scroll-offset=\"0\"><h2 id=\"at-17811\" class=\"c-accordion__title js-accordion-controller\" role=\"button\">Module 2 : La science du VIH au service des communaut\u00e9s<\/h2><div id=\"ac-17811\" class=\"c-accordion__content\">\n<p>Ce module couvre le d\u00e9pistage du VIH, le traitement et les soins, y compris des explications sur les ARV, l'U=U, le traitement des populations cl\u00e9s et les orientations futures de la recherche.<\/p>\n\n\n\n<p>Les donn\u00e9es sont exactes \u00e0 partir de 2022.<\/p>\n\n\n\n<div class=\"wp-block-media-text is-stacked-on-mobile\"><figure class=\"wp-block-media-text__media\"><img loading=\"lazy\" decoding=\"async\" width=\"1024\" height=\"588\" src=\"https:\/\/mihealtheurope.org\/wp-content\/uploads\/2023\/10\/HIV-science-1024x588.jpg\" alt=\"La science du VIH au service des communaut\u00e9s\" class=\"wp-image-1869 size-full\" srcset=\"https:\/\/mihealtheurope.org\/wp-content\/uploads\/2023\/10\/HIV-science-1024x588.jpg 1024w, https:\/\/mihealtheurope.org\/wp-content\/uploads\/2023\/10\/HIV-science-300x172.jpg 300w, https:\/\/mihealtheurope.org\/wp-content\/uploads\/2023\/10\/HIV-science-768x441.jpg 768w, https:\/\/mihealtheurope.org\/wp-content\/uploads\/2023\/10\/HIV-science-18x10.jpg 18w, https:\/\/mihealtheurope.org\/wp-content\/uploads\/2023\/10\/HIV-science.jpg 1113w\" sizes=\"auto, (max-width: 1024px) 100vw, 1024px\" \/><\/figure><div class=\"wp-block-media-text__content\">\n<p><a href=\"https:\/\/mihealtheurope.org\/wp-content\/uploads\/2023\/10\/HIV-Sciences.pdf\">La science du VIH au service de la communaut\u00e9<\/a><\/p>\n<\/div><\/div>\n<\/div><\/div>\n\n\n\n<div style=\"height:45px\" aria-hidden=\"true\" class=\"wp-block-spacer\"><\/div>\n\n\n\n<div class=\"wp-block-pb-accordion-item c-accordion__item js-accordion-item no-js\" data-initially-open=\"false\" data-click-to-close=\"true\" data-auto-close=\"true\" data-scroll=\"false\" data-scroll-offset=\"0\"><h2 id=\"at-17812\" class=\"c-accordion__title js-accordion-controller\" role=\"button\">Module 3 : H\u00e9patites virales<\/h2><div id=\"ac-17812\" class=\"c-accordion__content\">\n<p>Ce module couvre la pr\u00e9vention, le d\u00e9pistage et le traitement de l'h\u00e9patite virale dans le contexte de la migration.<\/p>\n\n\n\n<p>Les donn\u00e9es sont exactes \u00e0 partir de 2022.<\/p>\n\n\n\n<div class=\"wp-block-media-text is-stacked-on-mobile\"><figure class=\"wp-block-media-text__media\"><img loading=\"lazy\" decoding=\"async\" width=\"1024\" height=\"579\" src=\"https:\/\/mihealtheurope.org\/wp-content\/uploads\/2023\/10\/Hepatitis-1024x579.jpg\" alt=\"H\u00e9patite virale\" class=\"wp-image-1872 size-full\" srcset=\"https:\/\/mihealtheurope.org\/wp-content\/uploads\/2023\/10\/Hepatitis-1024x579.jpg 1024w, https:\/\/mihealtheurope.org\/wp-content\/uploads\/2023\/10\/Hepatitis-300x170.jpg 300w, https:\/\/mihealtheurope.org\/wp-content\/uploads\/2023\/10\/Hepatitis-768x434.jpg 768w, https:\/\/mihealtheurope.org\/wp-content\/uploads\/2023\/10\/Hepatitis-18x10.jpg 18w, https:\/\/mihealtheurope.org\/wp-content\/uploads\/2023\/10\/Hepatitis.jpg 1114w\" sizes=\"auto, (max-width: 1024px) 100vw, 1024px\" \/><\/figure><div class=\"wp-block-media-text__content\">\n<p><a href=\"https:\/\/mihealtheurope.org\/wp-content\/uploads\/2023\/10\/Viral-hepatitis-elimination-\u2013-reaching-people.pdf\">\u00c9limination de l'h\u00e9patite virale : Atteindre les gens<\/a><\/p>\n<\/div><\/div>\n<\/div><\/div>\n\n\n\n<div style=\"height:45px\" aria-hidden=\"true\" class=\"wp-block-spacer\"><\/div>\n\n\n\n<div class=\"wp-block-pb-accordion-item c-accordion__item js-accordion-item no-js\" data-initially-open=\"false\" data-click-to-close=\"true\" data-auto-close=\"true\" data-scroll=\"false\" data-scroll-offset=\"0\"><h2 id=\"at-17813\" class=\"c-accordion__title js-accordion-controller\" role=\"button\">Module 4 : Aper\u00e7u de l'\u00e9pid\u00e9miologie du VIH<\/h2><div id=\"ac-17813\" class=\"c-accordion__content\">\n<p>Ce module couvre les donn\u00e9es de l'ECDC pour les migrants sur l'\u00e9pid\u00e9miologie, le d\u00e9pistage et le traitement du VIH.<\/p>\n\n\n\n<p>Les donn\u00e9es sont exactes \u00e0 partir de 2022.<\/p>\n\n\n\n<div class=\"wp-block-media-text is-stacked-on-mobile\"><figure class=\"wp-block-media-text__media\"><img loading=\"lazy\" decoding=\"async\" width=\"1024\" height=\"583\" src=\"https:\/\/mihealtheurope.org\/wp-content\/uploads\/2023\/10\/ECDC-1024x583.jpg\" alt=\"\u00c9pid\u00e9miologie du VIH\" class=\"wp-image-1874 size-full\" srcset=\"https:\/\/mihealtheurope.org\/wp-content\/uploads\/2023\/10\/ECDC-1024x583.jpg 1024w, https:\/\/mihealtheurope.org\/wp-content\/uploads\/2023\/10\/ECDC-300x171.jpg 300w, https:\/\/mihealtheurope.org\/wp-content\/uploads\/2023\/10\/ECDC-768x437.jpg 768w, https:\/\/mihealtheurope.org\/wp-content\/uploads\/2023\/10\/ECDC-18x10.jpg 18w, https:\/\/mihealtheurope.org\/wp-content\/uploads\/2023\/10\/ECDC.jpg 1118w\" sizes=\"auto, (max-width: 1024px) 100vw, 1024px\" \/><\/figure><div class=\"wp-block-media-text__content\">\n<p><a href=\"https:\/\/mihealtheurope.org\/wp-content\/uploads\/2023\/10\/ECDC-data-on-HIV-epidemiology-testing-and-treatment-focus-on-migrant-health.pdf\">Donn\u00e9es de l'ECDC sur l'\u00e9pid\u00e9miologie, le d\u00e9pistage et le traitement du VIH : Focus sur la sant\u00e9 des migrants<\/a><\/p>\n<\/div><\/div>\n<\/div><\/div>\n\n\n\n<div style=\"height:45px\" aria-hidden=\"true\" class=\"wp-block-spacer\"><\/div>\n\n\n\n<div class=\"wp-block-pb-accordion-item c-accordion__item js-accordion-item no-js\" data-initially-open=\"false\" data-click-to-close=\"true\" data-auto-close=\"true\" data-scroll=\"false\" data-scroll-offset=\"0\"><h2 id=\"at-17814\" class=\"c-accordion__title js-accordion-controller\" role=\"button\">Module 5 : Politique et syst\u00e8mes de sant\u00e9<\/h2><div id=\"ac-17814\" class=\"c-accordion__content\">\n<p>Ce module couvre les principales lois et cadres internationaux r\u00e9gissant l'acc\u00e8s des migrants aux soins de sant\u00e9 en Europe.<\/p>\n\n\n\n<p>Les donn\u00e9es sont exactes \u00e0 partir de 2021.<\/p>\n\n\n\n<div class=\"wp-block-media-text is-stacked-on-mobile\"><figure class=\"wp-block-media-text__media\"><img loading=\"lazy\" decoding=\"async\" width=\"1024\" height=\"583\" src=\"https:\/\/mihealtheurope.org\/wp-content\/uploads\/2023\/10\/Healthcare-policy-1024x583.jpg\" alt=\"Politique et syst\u00e8mes de sant\u00e9\" class=\"wp-image-1876 size-full\" srcset=\"https:\/\/mihealtheurope.org\/wp-content\/uploads\/2023\/10\/Healthcare-policy-1024x583.jpg 1024w, https:\/\/mihealtheurope.org\/wp-content\/uploads\/2023\/10\/Healthcare-policy-300x171.jpg 300w, https:\/\/mihealtheurope.org\/wp-content\/uploads\/2023\/10\/Healthcare-policy-768x438.jpg 768w, https:\/\/mihealtheurope.org\/wp-content\/uploads\/2023\/10\/Healthcare-policy-18x10.jpg 18w, https:\/\/mihealtheurope.org\/wp-content\/uploads\/2023\/10\/Healthcare-policy.jpg 1118w\" sizes=\"auto, (max-width: 1024px) 100vw, 1024px\" \/><\/figure><div class=\"wp-block-media-text__content\">\n<p><a href=\"https:\/\/mihealtheurope.org\/wp-content\/uploads\/2023\/10\/Healthcare-Policy-Systems-and-International-Frameworks-1.pdf\">Politique des soins de sant\u00e9, syst\u00e8mes et cadres internationaux<\/a><\/p>\n<\/div><\/div>\n<\/div><\/div>\n\n\n\n<div style=\"height:45px\" aria-hidden=\"true\" class=\"wp-block-spacer\"><\/div>\n\n\n\n<div class=\"wp-block-pb-accordion-item c-accordion__item js-accordion-item no-js\" data-initially-open=\"false\" data-click-to-close=\"true\" data-auto-close=\"true\" data-scroll=\"false\" data-scroll-offset=\"0\"><h2 id=\"at-17815\" class=\"c-accordion__title js-accordion-controller\" role=\"button\">Module 6 : Agendas strat\u00e9giques de sant\u00e9<\/h2><div id=\"ac-17815\" class=\"c-accordion__content\">\n<p>Ce module couvre les politiques et les agendas mondiaux en mati\u00e8re de sant\u00e9, y compris le financement de la riposte au VIH et les agendas strat\u00e9giques.<\/p>\n\n\n\n<p>Les donn\u00e9es sont exactes \u00e0 partir de 2022.<\/p>\n\n\n\n<div class=\"wp-block-media-text is-stacked-on-mobile\"><figure class=\"wp-block-media-text__media\"><img loading=\"lazy\" decoding=\"async\" width=\"1024\" height=\"580\" src=\"https:\/\/mihealtheurope.org\/wp-content\/uploads\/2023\/10\/Policy-and-strategic-agendas-1024x580.jpg\" alt=\"\" class=\"wp-image-1878 size-full\" srcset=\"https:\/\/mihealtheurope.org\/wp-content\/uploads\/2023\/10\/Policy-and-strategic-agendas-1024x580.jpg 1024w, https:\/\/mihealtheurope.org\/wp-content\/uploads\/2023\/10\/Policy-and-strategic-agendas-300x170.jpg 300w, https:\/\/mihealtheurope.org\/wp-content\/uploads\/2023\/10\/Policy-and-strategic-agendas-768x435.jpg 768w, https:\/\/mihealtheurope.org\/wp-content\/uploads\/2023\/10\/Policy-and-strategic-agendas-18x10.jpg 18w, https:\/\/mihealtheurope.org\/wp-content\/uploads\/2023\/10\/Policy-and-strategic-agendas.jpg 1115w\" sizes=\"auto, (max-width: 1024px) 100vw, 1024px\" \/><\/figure><div class=\"wp-block-media-text__content\">\n<p><a href=\"https:\/\/mihealtheurope.org\/wp-content\/uploads\/2023\/10\/Policy-directions-and-current-topics-at-the-national-and-international-levels-for-HIV-healthcare-and-health-systems.pdf\">Politique : Orientations et sujets d'actualit\u00e9 aux niveaux national et international pour le VIH, les soins de sant\u00e9 et les syst\u00e8mes de sant\u00e9<\/a><\/p>\n<\/div><\/div>\n<\/div><\/div>\n\n\n\n<div style=\"height:45px\" aria-hidden=\"true\" class=\"wp-block-spacer\"><\/div>\n\n\n\n<div class=\"wp-block-pb-accordion-item c-accordion__item js-accordion-item no-js\" data-initially-open=\"false\" data-click-to-close=\"true\" data-auto-close=\"true\" data-scroll=\"false\" data-scroll-offset=\"0\"><h2 id=\"at-17816\" class=\"c-accordion__title js-accordion-controller\" role=\"button\">Module 7 : Recherche sur la sant\u00e9 des migrants<\/h2><div id=\"ac-17816\" class=\"c-accordion__content\">\n<p>Ce module couvre la recherche sur le VIH chez les migrants et les minorit\u00e9s ethniques en Europe, y compris les lacunes dans la litt\u00e9rature et le plaidoyer bas\u00e9 sur des donn\u00e9es.<\/p>\n\n\n\n<p>Les donn\u00e9es sont exactes \u00e0 partir de 2022.<\/p>\n\n\n\n<div class=\"wp-block-media-text is-stacked-on-mobile\"><figure class=\"wp-block-media-text__media\"><img loading=\"lazy\" decoding=\"async\" width=\"1024\" height=\"585\" src=\"https:\/\/mihealtheurope.org\/wp-content\/uploads\/2023\/10\/Data-driven-research-1024x585.jpg\" alt=\"Recherche sur la sant\u00e9 des migrants\" class=\"wp-image-1879 size-full\" srcset=\"https:\/\/mihealtheurope.org\/wp-content\/uploads\/2023\/10\/Data-driven-research-1024x585.jpg 1024w, https:\/\/mihealtheurope.org\/wp-content\/uploads\/2023\/10\/Data-driven-research-300x171.jpg 300w, https:\/\/mihealtheurope.org\/wp-content\/uploads\/2023\/10\/Data-driven-research-768x438.jpg 768w, https:\/\/mihealtheurope.org\/wp-content\/uploads\/2023\/10\/Data-driven-research-18x10.jpg 18w, https:\/\/mihealtheurope.org\/wp-content\/uploads\/2023\/10\/Data-driven-research.jpg 1107w\" sizes=\"auto, (max-width: 1024px) 100vw, 1024px\" \/><\/figure><div class=\"wp-block-media-text__content\">\n<p><a href=\"https:\/\/mihealtheurope.org\/wp-content\/uploads\/2023\/10\/Migrants-and-Ethnic-minorities-and-HIV-In-Europe-\u2013-Research-and-data-driven-responses.pdf\">Les migrants et les minorit\u00e9s ethniques face au VIH en Europe : Recherche et r\u00e9ponses bas\u00e9es sur des donn\u00e9es<\/a><\/p>\n<\/div><\/div>\n<\/div><\/div>\n\n\n\n<div style=\"height:45px\" aria-hidden=\"true\" class=\"wp-block-spacer\"><\/div>\n\n\n\n<div class=\"wp-block-pb-accordion-item c-accordion__item js-accordion-item no-js\" data-initially-open=\"false\" data-click-to-close=\"true\" data-auto-close=\"true\" data-scroll=\"false\" data-scroll-offset=\"0\"><h2 id=\"at-17817\" class=\"c-accordion__title js-accordion-controller\" role=\"button\">Module 8 : Plaidoyer men\u00e9 par les migrants<\/h2><div id=\"ac-17817\" class=\"c-accordion__content\">\n<p>Ce module couvre les initiatives communautaires et l'autonomisation des patients migrants.<\/p>\n\n\n\n<p>Les documents sur les initiatives communautaires sont exacts \u00e0 partir de 2021 et les documents sur l'autonomisation des patients sont exacts \u00e0 partir de 2022.<\/p>\n\n\n\n<div class=\"wp-block-media-text is-stacked-on-mobile\"><figure class=\"wp-block-media-text__media\"><img loading=\"lazy\" decoding=\"async\" width=\"1024\" height=\"582\" src=\"https:\/\/mihealtheurope.org\/wp-content\/uploads\/2023\/10\/Community-led-intiatives-1024x582.jpg\" alt=\"D\u00e9fense des int\u00e9r\u00eats des migrants\" class=\"wp-image-1882 size-full\" srcset=\"https:\/\/mihealtheurope.org\/wp-content\/uploads\/2023\/10\/Community-led-intiatives-1024x582.jpg 1024w, https:\/\/mihealtheurope.org\/wp-content\/uploads\/2023\/10\/Community-led-intiatives-300x171.jpg 300w, https:\/\/mihealtheurope.org\/wp-content\/uploads\/2023\/10\/Community-led-intiatives-768x437.jpg 768w, https:\/\/mihealtheurope.org\/wp-content\/uploads\/2023\/10\/Community-led-intiatives-18x10.jpg 18w, https:\/\/mihealtheurope.org\/wp-content\/uploads\/2023\/10\/Community-led-intiatives.jpg 1119w\" sizes=\"auto, (max-width: 1024px) 100vw, 1024px\" \/><\/figure><div class=\"wp-block-media-text__content\">\n<p><a href=\"https:\/\/mihealtheurope.org\/wp-content\/uploads\/2023\/10\/Successful-Community-led-Initiatives.pdf\">Qu'est-ce qui fait le succ\u00e8s d'une initiative communautaire ?<\/a><\/p>\n<\/div><\/div>\n\n\n\n<div class=\"wp-block-media-text is-stacked-on-mobile\"><figure class=\"wp-block-media-text__media\"><img loading=\"lazy\" decoding=\"async\" width=\"1024\" height=\"579\" src=\"https:\/\/mihealtheurope.org\/wp-content\/uploads\/2023\/10\/From-do-to-to-do-with-1024x579.jpg\" alt=\"D\u00e9fense des int\u00e9r\u00eats des migrants\" class=\"wp-image-1883 size-full\" srcset=\"https:\/\/mihealtheurope.org\/wp-content\/uploads\/2023\/10\/From-do-to-to-do-with-1024x579.jpg 1024w, https:\/\/mihealtheurope.org\/wp-content\/uploads\/2023\/10\/From-do-to-to-do-with-300x170.jpg 300w, https:\/\/mihealtheurope.org\/wp-content\/uploads\/2023\/10\/From-do-to-to-do-with-768x434.jpg 768w, https:\/\/mihealtheurope.org\/wp-content\/uploads\/2023\/10\/From-do-to-to-do-with-18x10.jpg 18w, https:\/\/mihealtheurope.org\/wp-content\/uploads\/2023\/10\/From-do-to-to-do-with.jpg 1121w\" sizes=\"auto, (max-width: 1024px) 100vw, 1024px\" \/><\/figure><div class=\"wp-block-media-text__content\">\n<p><a href=\"https:\/\/mihealtheurope.org\/wp-content\/uploads\/2023\/10\/Advocacy.pdf\">Du \"faire pour\" au \"faire avec\" : L'autonomisation des patients par la d\u00e9fense de leurs int\u00e9r\u00eats<\/a><\/p>\n<\/div><\/div>\n<\/div><\/div>\n\n\n\n<div style=\"height:45px\" aria-hidden=\"true\" class=\"wp-block-spacer\"><\/div>\n\n\n\n<div class=\"wp-block-pb-accordion-item c-accordion__item js-accordion-item no-js\" data-initially-open=\"false\" data-click-to-close=\"true\" data-auto-close=\"true\" data-scroll=\"false\" data-scroll-offset=\"0\"><h2 id=\"at-17818\" class=\"c-accordion__title js-accordion-controller\" role=\"button\">Module 9 : Justice et plaidoyer pour le changement<\/h2><div id=\"ac-17818\" class=\"c-accordion__content\">\n<p>Ce module couvre les droits de l'homme, les types de justice, les cadres et les techniques de plaidoyer pour le changement.<\/p>\n\n\n\n<p>Les documents sur les cadres de plaidoyer ont \u00e9t\u00e9 actualis\u00e9s en 2022 et les documents sur les droits de l'homme, la justice et le changement social ont \u00e9t\u00e9 actualis\u00e9s en 2021.<\/p>\n\n\n\n<div class=\"wp-block-media-text is-stacked-on-mobile\"><figure class=\"wp-block-media-text__media\"><img loading=\"lazy\" decoding=\"async\" width=\"1024\" height=\"578\" src=\"https:\/\/mihealtheurope.org\/wp-content\/uploads\/2023\/10\/Advocacy-1024x578.jpg\" alt=\"Justice et plaidoyer pour le changement\" class=\"wp-image-1885 size-full\" srcset=\"https:\/\/mihealtheurope.org\/wp-content\/uploads\/2023\/10\/Advocacy-1024x578.jpg 1024w, https:\/\/mihealtheurope.org\/wp-content\/uploads\/2023\/10\/Advocacy-300x169.jpg 300w, https:\/\/mihealtheurope.org\/wp-content\/uploads\/2023\/10\/Advocacy-768x434.jpg 768w, https:\/\/mihealtheurope.org\/wp-content\/uploads\/2023\/10\/Advocacy-18x10.jpg 18w, https:\/\/mihealtheurope.org\/wp-content\/uploads\/2023\/10\/Advocacy.jpg 1119w\" sizes=\"auto, (max-width: 1024px) 100vw, 1024px\" \/><\/figure><div class=\"wp-block-media-text__content\">\n<p><a href=\"https:\/\/mihealtheurope.org\/wp-content\/uploads\/2023\/10\/Advocacy-1.pdf\">D\u00e9fense des int\u00e9r\u00eats<\/a><\/p>\n<\/div><\/div>\n\n\n\n<div class=\"wp-block-media-text is-stacked-on-mobile\"><figure class=\"wp-block-media-text__media\"><img loading=\"lazy\" decoding=\"async\" width=\"842\" height=\"633\" src=\"https:\/\/mihealtheurope.org\/wp-content\/uploads\/2023\/10\/Social-service-to-social-change.jpg\" alt=\"Bo\u00eete \u00e0 outils pour le plaidoyer en faveur de la sant\u00e9 des migrants : Ressources pour les d\u00e9fenseurs de la lutte contre le VIH\" class=\"wp-image-1888 size-full\" srcset=\"https:\/\/mihealtheurope.org\/wp-content\/uploads\/2023\/10\/Social-service-to-social-change.jpg 842w, https:\/\/mihealtheurope.org\/wp-content\/uploads\/2023\/10\/Social-service-to-social-change-300x226.jpg 300w, https:\/\/mihealtheurope.org\/wp-content\/uploads\/2023\/10\/Social-service-to-social-change-768x577.jpg 768w, https:\/\/mihealtheurope.org\/wp-content\/uploads\/2023\/10\/Social-service-to-social-change-16x12.jpg 16w\" sizes=\"auto, (max-width: 842px) 100vw, 842px\" \/><\/figure><div class=\"wp-block-media-text__content\">\n<p><a href=\"https:\/\/mihealtheurope.org\/wp-content\/uploads\/2023\/10\/From-Social-Service-to-Social-Change-1.pdf\">Du service social au changement social : Situer la d\u00e9fense des droits de l'homme dans notre travail<\/a><\/p>\n<\/div><\/div>\n\n\n\n<div class=\"wp-block-media-text is-stacked-on-mobile\"><figure class=\"wp-block-media-text__media\"><img loading=\"lazy\" decoding=\"async\" width=\"1024\" height=\"584\" src=\"https:\/\/mihealtheurope.org\/wp-content\/uploads\/2023\/10\/Transformative-advocacy-1024x584.jpg\" alt=\"Bo\u00eete \u00e0 outils pour le plaidoyer en faveur de la sant\u00e9 des migrants : Ressources pour les d\u00e9fenseurs de la lutte contre le VIH\" class=\"wp-image-1889 size-full\" srcset=\"https:\/\/mihealtheurope.org\/wp-content\/uploads\/2023\/10\/Transformative-advocacy-1024x584.jpg 1024w, https:\/\/mihealtheurope.org\/wp-content\/uploads\/2023\/10\/Transformative-advocacy-300x171.jpg 300w, https:\/\/mihealtheurope.org\/wp-content\/uploads\/2023\/10\/Transformative-advocacy-768x438.jpg 768w, https:\/\/mihealtheurope.org\/wp-content\/uploads\/2023\/10\/Transformative-advocacy-18x10.jpg 18w, https:\/\/mihealtheurope.org\/wp-content\/uploads\/2023\/10\/Transformative-advocacy.jpg 1119w\" sizes=\"auto, (max-width: 1024px) 100vw, 1024px\" \/><\/figure><div class=\"wp-block-media-text__content\">\n<p><a href=\"https:\/\/mihealtheurope.org\/wp-content\/uploads\/2023\/10\/Transformative-Advocacy-1.pdf\">Approches transformatives du plaidoyer : C'est une question de justice<\/a><\/p>\n<\/div><\/div>\n<\/div><\/div>\n\n\n\n<div style=\"height:45px\" aria-hidden=\"true\" class=\"wp-block-spacer\"><\/div>\n\n\n\n<div class=\"wp-block-pb-accordion-item c-accordion__item js-accordion-item no-js\" data-initially-open=\"false\" data-click-to-close=\"true\" data-auto-close=\"true\" data-scroll=\"false\" data-scroll-offset=\"0\"><h2 id=\"at-17819\" class=\"c-accordion__title js-accordion-controller\" role=\"button\">Module 10 : Campagne num\u00e9rique<\/h2><div id=\"ac-17819\" class=\"c-accordion__content\">\n<p>Ce module couvre les communications, les m\u00e9dias sociaux, l'utilisation des plateformes num\u00e9riques et les campagnes.<\/p>\n\n\n\n<p>Les donn\u00e9es sont exactes \u00e0 partir de 2021.<\/p>\n\n\n\n<div class=\"wp-block-media-text is-stacked-on-mobile\"><figure class=\"wp-block-media-text__media\"><img loading=\"lazy\" decoding=\"async\" width=\"1024\" height=\"585\" src=\"https:\/\/mihealtheurope.org\/wp-content\/uploads\/2023\/10\/Comms-1024x585.jpg\" alt=\"Bo\u00eete \u00e0 outils pour le plaidoyer en faveur de la sant\u00e9 des migrants : Ressources pour les d\u00e9fenseurs de la lutte contre le VIH\" class=\"wp-image-1891 size-full\" srcset=\"https:\/\/mihealtheurope.org\/wp-content\/uploads\/2023\/10\/Comms-1024x585.jpg 1024w, https:\/\/mihealtheurope.org\/wp-content\/uploads\/2023\/10\/Comms-300x171.jpg 300w, https:\/\/mihealtheurope.org\/wp-content\/uploads\/2023\/10\/Comms-768x439.jpg 768w, https:\/\/mihealtheurope.org\/wp-content\/uploads\/2023\/10\/Comms-18x10.jpg 18w, https:\/\/mihealtheurope.org\/wp-content\/uploads\/2023\/10\/Comms.jpg 1120w\" sizes=\"auto, (max-width: 1024px) 100vw, 1024px\" \/><\/figure><div class=\"wp-block-media-text__content\">\n<p><a href=\"https:\/\/mihealtheurope.org\/wp-content\/uploads\/2023\/10\/Communications-Digital-Campaigning-and-Social-Media-1.pdf\">Communication, campagnes num\u00e9riques et m\u00e9dias sociaux<\/a><\/p>\n<\/div><\/div>\n<\/div><\/div>","protected":false},"excerpt":{"rendered":"<p>This toolkit offers resources and practical information for migrant health advocates working to improve the HIV-related health outcomes of migrants in precarious circumstances across the European region. These materials can be used when working directly with migrants or when engaging in HIV-, healthcare- and\/or immigration-related advocacy. This toolkit draws on content from AAF and Mi-Health [&hellip;]<\/p>\n","protected":false},"author":1,"featured_media":1899,"comment_status":"closed","ping_status":"closed","sticky":false,"template":"","format":"standard","meta":{"_acf_changed":false,"_uag_custom_page_level_css":"","footnotes":""},"categories":[1],"tags":[],"class_list":["post-1781","post","type-post","status-publish","format-standard","has-post-thumbnail","hentry","category-community-blog"],"acf":[],"yoast_head":"<!-- This site is optimized with the Yoast SEO plugin v27.4 - https:\/\/yoast.com\/product\/yoast-seo-wordpress\/ -->\n<title>Migrant Health Advocacy Toolkit: Resources for HIV Advocates - Mi-Health Europe<\/title>\n<meta name=\"description\" content=\"Discover our Migrant Health Advocacy Toolkit\u2014a comprehensive resource for HIV advocates working with migrants in Europe.\" \/>\n<meta name=\"robots\" content=\"index, follow, max-snippet:-1, max-image-preview:large, max-video-preview:-1\" \/>\n<link rel=\"canonical\" href=\"https:\/\/mihealtheurope.org\/fr\/kit-de-formation-sur-la-sante-des-migrants\/\" \/>\n<meta property=\"og:locale\" content=\"fr_FR\" \/>\n<meta property=\"og:type\" content=\"article\" \/>\n<meta property=\"og:title\" content=\"Migrant Health Advocacy Toolkit: Resources for HIV Advocates - Mi-Health Europe\" \/>\n<meta property=\"og:description\" content=\"Discover our Migrant Health Advocacy Toolkit\u2014a comprehensive resource for HIV advocates working with migrants in Europe.\" \/>\n<meta property=\"og:url\" content=\"https:\/\/mihealtheurope.org\/fr\/kit-de-formation-sur-la-sante-des-migrants\/\" \/>\n<meta property=\"og:site_name\" content=\"Mi-Health Europe\" \/>\n<meta property=\"article:publisher\" content=\"https:\/\/www.facebook.com\/MiHealthAAF\" \/>\n<meta property=\"article:published_time\" content=\"2023-10-09T15:00:21+00:00\" \/>\n<meta property=\"article:modified_time\" content=\"2024-06-10T13:32:31+00:00\" \/>\n<meta property=\"og:image\" content=\"https:\/\/mihealtheurope.org\/wp-content\/uploads\/2023\/10\/Cover-image.jpg\" \/>\n\t<meta property=\"og:image:width\" content=\"898\" \/>\n\t<meta property=\"og:image:height\" content=\"620\" \/>\n\t<meta property=\"og:image:type\" content=\"image\/jpeg\" \/>\n<meta name=\"author\" content=\"MIHealthUsr\" \/>\n<meta name=\"twitter:card\" content=\"summary_large_image\" \/>\n<meta name=\"twitter:creator\" content=\"@MiHealth_Europe\" \/>\n<meta name=\"twitter:site\" content=\"@MiHealth_Europe\" \/>\n<meta name=\"twitter:label1\" content=\"\u00c9crit par\" \/>\n\t<meta name=\"twitter:data1\" content=\"MIHealthUsr\" \/>\n\t<meta name=\"twitter:label2\" content=\"Dur\u00e9e de lecture estim\u00e9e\" \/>\n\t<meta name=\"twitter:data2\" content=\"6 minutes\" \/>\n<script type=\"application\/ld+json\" class=\"yoast-schema-graph\">{\"@context\":\"https:\\\/\\\/schema.org\",\"@graph\":[{\"@type\":\"Article\",\"@id\":\"https:\\\/\\\/mihealtheurope.org\\\/migrant-health-training-toolkit\\\/#article\",\"isPartOf\":{\"@id\":\"https:\\\/\\\/mihealtheurope.org\\\/migrant-health-training-toolkit\\\/\"},\"author\":{\"name\":\"MIHealthUsr\",\"@id\":\"https:\\\/\\\/mihealtheurope.org\\\/#\\\/schema\\\/person\\\/8ee7e60cb98348ee22ba49b55a3427de\"},\"headline\":\"Migrant Health Training Toolkit\",\"datePublished\":\"2023-10-09T15:00:21+00:00\",\"dateModified\":\"2024-06-10T13:32:31+00:00\",\"mainEntityOfPage\":{\"@id\":\"https:\\\/\\\/mihealtheurope.org\\\/migrant-health-training-toolkit\\\/\"},\"wordCount\":510,\"publisher\":{\"@id\":\"https:\\\/\\\/mihealtheurope.org\\\/#organization\"},\"image\":{\"@id\":\"https:\\\/\\\/mihealtheurope.org\\\/migrant-health-training-toolkit\\\/#primaryimage\"},\"thumbnailUrl\":\"https:\\\/\\\/mihealtheurope.org\\\/wp-content\\\/uploads\\\/2023\\\/10\\\/Cover-image.jpg\",\"articleSection\":[\"Community of Practice\"],\"inLanguage\":\"fr-FR\"},{\"@type\":\"WebPage\",\"@id\":\"https:\\\/\\\/mihealtheurope.org\\\/migrant-health-training-toolkit\\\/\",\"url\":\"https:\\\/\\\/mihealtheurope.org\\\/migrant-health-training-toolkit\\\/\",\"name\":\"Migrant Health Advocacy Toolkit: Resources for HIV Advocates - Mi-Health Europe\",\"isPartOf\":{\"@id\":\"https:\\\/\\\/mihealtheurope.org\\\/#website\"},\"primaryImageOfPage\":{\"@id\":\"https:\\\/\\\/mihealtheurope.org\\\/migrant-health-training-toolkit\\\/#primaryimage\"},\"image\":{\"@id\":\"https:\\\/\\\/mihealtheurope.org\\\/migrant-health-training-toolkit\\\/#primaryimage\"},\"thumbnailUrl\":\"https:\\\/\\\/mihealtheurope.org\\\/wp-content\\\/uploads\\\/2023\\\/10\\\/Cover-image.jpg\",\"datePublished\":\"2023-10-09T15:00:21+00:00\",\"dateModified\":\"2024-06-10T13:32:31+00:00\",\"description\":\"Discover our Migrant Health Advocacy Toolkit\u2014a comprehensive resource for HIV advocates working with migrants in Europe.\",\"breadcrumb\":{\"@id\":\"https:\\\/\\\/mihealtheurope.org\\\/migrant-health-training-toolkit\\\/#breadcrumb\"},\"inLanguage\":\"fr-FR\",\"potentialAction\":[{\"@type\":\"ReadAction\",\"target\":[\"https:\\\/\\\/mihealtheurope.org\\\/migrant-health-training-toolkit\\\/\"]}]},{\"@type\":\"ImageObject\",\"inLanguage\":\"fr-FR\",\"@id\":\"https:\\\/\\\/mihealtheurope.org\\\/migrant-health-training-toolkit\\\/#primaryimage\",\"url\":\"https:\\\/\\\/mihealtheurope.org\\\/wp-content\\\/uploads\\\/2023\\\/10\\\/Cover-image.jpg\",\"contentUrl\":\"https:\\\/\\\/mihealtheurope.org\\\/wp-content\\\/uploads\\\/2023\\\/10\\\/Cover-image.jpg\",\"width\":898,\"height\":620},{\"@type\":\"BreadcrumbList\",\"@id\":\"https:\\\/\\\/mihealtheurope.org\\\/migrant-health-training-toolkit\\\/#breadcrumb\",\"itemListElement\":[{\"@type\":\"ListItem\",\"position\":1,\"name\":\"Home\",\"item\":\"https:\\\/\\\/mihealtheurope.org\\\/\"},{\"@type\":\"ListItem\",\"position\":2,\"name\":\"Migrant Health Training Toolkit\"}]},{\"@type\":\"WebSite\",\"@id\":\"https:\\\/\\\/mihealtheurope.org\\\/#website\",\"url\":\"https:\\\/\\\/mihealtheurope.org\\\/\",\"name\":\"https:\\\/\\\/mihealtheurope.org\\\/\",\"description\":\"Improving migrant health\",\"publisher\":{\"@id\":\"https:\\\/\\\/mihealtheurope.org\\\/#organization\"},\"potentialAction\":[{\"@type\":\"SearchAction\",\"target\":{\"@type\":\"EntryPoint\",\"urlTemplate\":\"https:\\\/\\\/mihealtheurope.org\\\/?s={search_term_string}\"},\"query-input\":{\"@type\":\"PropertyValueSpecification\",\"valueRequired\":true,\"valueName\":\"search_term_string\"}}],\"inLanguage\":\"fr-FR\"},{\"@type\":\"Organization\",\"@id\":\"https:\\\/\\\/mihealtheurope.org\\\/#organization\",\"name\":\"Mi-Health Europe\",\"url\":\"https:\\\/\\\/mihealtheurope.org\\\/\",\"logo\":{\"@type\":\"ImageObject\",\"inLanguage\":\"fr-FR\",\"@id\":\"https:\\\/\\\/mihealtheurope.org\\\/#\\\/schema\\\/logo\\\/image\\\/\",\"url\":\"https:\\\/\\\/mihealtheurope.org\\\/wp-content\\\/uploads\\\/2024\\\/04\\\/MiHealth_Blue-High-Res.png\",\"contentUrl\":\"https:\\\/\\\/mihealtheurope.org\\\/wp-content\\\/uploads\\\/2024\\\/04\\\/MiHealth_Blue-High-Res.png\",\"width\":1536,\"height\":1489,\"caption\":\"Mi-Health Europe\"},\"image\":{\"@id\":\"https:\\\/\\\/mihealtheurope.org\\\/#\\\/schema\\\/logo\\\/image\\\/\"},\"sameAs\":[\"https:\\\/\\\/www.facebook.com\\\/MiHealthAAF\",\"https:\\\/\\\/x.com\\\/MiHealth_Europe\",\"https:\\\/\\\/www.instagram.com\\\/mi_health_advocacy\\\/\"]},{\"@type\":\"Person\",\"@id\":\"https:\\\/\\\/mihealtheurope.org\\\/#\\\/schema\\\/person\\\/8ee7e60cb98348ee22ba49b55a3427de\",\"name\":\"MIHealthUsr\",\"image\":{\"@type\":\"ImageObject\",\"inLanguage\":\"fr-FR\",\"@id\":\"https:\\\/\\\/secure.gravatar.com\\\/avatar\\\/65b1aeea531fe4c026e91a5cdd5df1cf982bbf024a4665e3257512f49f547bd0?s=96&d=mm&r=g\",\"url\":\"https:\\\/\\\/secure.gravatar.com\\\/avatar\\\/65b1aeea531fe4c026e91a5cdd5df1cf982bbf024a4665e3257512f49f547bd0?s=96&d=mm&r=g\",\"contentUrl\":\"https:\\\/\\\/secure.gravatar.com\\\/avatar\\\/65b1aeea531fe4c026e91a5cdd5df1cf982bbf024a4665e3257512f49f547bd0?s=96&d=mm&r=g\",\"caption\":\"MIHealthUsr\"},\"sameAs\":[\"https:\\\/\\\/mihealth.418staging.co.uk\"],\"url\":\"https:\\\/\\\/mihealtheurope.org\\\/fr\\\/author\\\/mihealthusr\\\/\"}]}<\/script>\n<!-- \/ Yoast SEO plugin. -->","yoast_head_json":{"title":"Bo\u00eete \u00e0 outils pour le plaidoyer en faveur de la sant\u00e9 des migrants : Ressources pour les d\u00e9fenseurs de la lutte contre le VIH - Mi-Health Europe","description":"D\u00e9couvrez notre bo\u00eete \u00e0 outils pour le plaidoyer en faveur de la sant\u00e9 des migrants - une ressource compl\u00e8te pour les d\u00e9fenseurs du VIH qui travaillent avec les migrants en Europe.","robots":{"index":"index","follow":"follow","max-snippet":"max-snippet:-1","max-image-preview":"max-image-preview:large","max-video-preview":"max-video-preview:-1"},"canonical":"https:\/\/mihealtheurope.org\/fr\/kit-de-formation-sur-la-sante-des-migrants\/","og_locale":"fr_FR","og_type":"article","og_title":"Migrant Health Advocacy Toolkit: Resources for HIV Advocates - Mi-Health Europe","og_description":"Discover our Migrant Health Advocacy Toolkit\u2014a comprehensive resource for HIV advocates working with migrants in Europe.","og_url":"https:\/\/mihealtheurope.org\/fr\/kit-de-formation-sur-la-sante-des-migrants\/","og_site_name":"Mi-Health Europe","article_publisher":"https:\/\/www.facebook.com\/MiHealthAAF","article_published_time":"2023-10-09T15:00:21+00:00","article_modified_time":"2024-06-10T13:32:31+00:00","og_image":[{"width":898,"height":620,"url":"https:\/\/mihealtheurope.org\/wp-content\/uploads\/2023\/10\/Cover-image.jpg","type":"image\/jpeg"}],"author":"MIHealthUsr","twitter_card":"summary_large_image","twitter_creator":"@MiHealth_Europe","twitter_site":"@MiHealth_Europe","twitter_misc":{"\u00c9crit par":"MIHealthUsr","Dur\u00e9e de lecture estim\u00e9e":"6 minutes"},"schema":{"@context":"https:\/\/schema.org","@graph":[{"@type":"Article","@id":"https:\/\/mihealtheurope.org\/migrant-health-training-toolkit\/#article","isPartOf":{"@id":"https:\/\/mihealtheurope.org\/migrant-health-training-toolkit\/"},"author":{"name":"MIHealthUsr","@id":"https:\/\/mihealtheurope.org\/#\/schema\/person\/8ee7e60cb98348ee22ba49b55a3427de"},"headline":"Migrant Health Training Toolkit","datePublished":"2023-10-09T15:00:21+00:00","dateModified":"2024-06-10T13:32:31+00:00","mainEntityOfPage":{"@id":"https:\/\/mihealtheurope.org\/migrant-health-training-toolkit\/"},"wordCount":510,"publisher":{"@id":"https:\/\/mihealtheurope.org\/#organization"},"image":{"@id":"https:\/\/mihealtheurope.org\/migrant-health-training-toolkit\/#primaryimage"},"thumbnailUrl":"https:\/\/mihealtheurope.org\/wp-content\/uploads\/2023\/10\/Cover-image.jpg","articleSection":["Community of Practice"],"inLanguage":"fr-FR"},{"@type":"WebPage","@id":"https:\/\/mihealtheurope.org\/migrant-health-training-toolkit\/","url":"https:\/\/mihealtheurope.org\/migrant-health-training-toolkit\/","name":"Bo\u00eete \u00e0 outils pour le plaidoyer en faveur de la sant\u00e9 des migrants : Ressources pour les d\u00e9fenseurs de la lutte contre le VIH - Mi-Health Europe","isPartOf":{"@id":"https:\/\/mihealtheurope.org\/#website"},"primaryImageOfPage":{"@id":"https:\/\/mihealtheurope.org\/migrant-health-training-toolkit\/#primaryimage"},"image":{"@id":"https:\/\/mihealtheurope.org\/migrant-health-training-toolkit\/#primaryimage"},"thumbnailUrl":"https:\/\/mihealtheurope.org\/wp-content\/uploads\/2023\/10\/Cover-image.jpg","datePublished":"2023-10-09T15:00:21+00:00","dateModified":"2024-06-10T13:32:31+00:00","description":"D\u00e9couvrez notre bo\u00eete \u00e0 outils pour le plaidoyer en faveur de la sant\u00e9 des migrants - une ressource compl\u00e8te pour les d\u00e9fenseurs du VIH qui travaillent avec les migrants en Europe.","breadcrumb":{"@id":"https:\/\/mihealtheurope.org\/migrant-health-training-toolkit\/#breadcrumb"},"inLanguage":"fr-FR","potentialAction":[{"@type":"ReadAction","target":["https:\/\/mihealtheurope.org\/migrant-health-training-toolkit\/"]}]},{"@type":"ImageObject","inLanguage":"fr-FR","@id":"https:\/\/mihealtheurope.org\/migrant-health-training-toolkit\/#primaryimage","url":"https:\/\/mihealtheurope.org\/wp-content\/uploads\/2023\/10\/Cover-image.jpg","contentUrl":"https:\/\/mihealtheurope.org\/wp-content\/uploads\/2023\/10\/Cover-image.jpg","width":898,"height":620},{"@type":"BreadcrumbList","@id":"https:\/\/mihealtheurope.org\/migrant-health-training-toolkit\/#breadcrumb","itemListElement":[{"@type":"ListItem","position":1,"name":"Home","item":"https:\/\/mihealtheurope.org\/"},{"@type":"ListItem","position":2,"name":"Migrant Health Training Toolkit"}]},{"@type":"WebSite","@id":"https:\/\/mihealtheurope.org\/#website","url":"https:\/\/mihealtheurope.org\/","name":"https:\/\/mihealtheurope.org\/","description":"Am\u00e9liorer la sant\u00e9 des migrants","publisher":{"@id":"https:\/\/mihealtheurope.org\/#organization"},"potentialAction":[{"@type":"SearchAction","target":{"@type":"EntryPoint","urlTemplate":"https:\/\/mihealtheurope.org\/?s={search_term_string}"},"query-input":{"@type":"PropertyValueSpecification","valueRequired":true,"valueName":"search_term_string"}}],"inLanguage":"fr-FR"},{"@type":"Organization","@id":"https:\/\/mihealtheurope.org\/#organization","name":"Mi-Health Europe","url":"https:\/\/mihealtheurope.org\/","logo":{"@type":"ImageObject","inLanguage":"fr-FR","@id":"https:\/\/mihealtheurope.org\/#\/schema\/logo\/image\/","url":"https:\/\/mihealtheurope.org\/wp-content\/uploads\/2024\/04\/MiHealth_Blue-High-Res.png","contentUrl":"https:\/\/mihealtheurope.org\/wp-content\/uploads\/2024\/04\/MiHealth_Blue-High-Res.png","width":1536,"height":1489,"caption":"Mi-Health Europe"},"image":{"@id":"https:\/\/mihealtheurope.org\/#\/schema\/logo\/image\/"},"sameAs":["https:\/\/www.facebook.com\/MiHealthAAF","https:\/\/x.com\/MiHealth_Europe","https:\/\/www.instagram.com\/mi_health_advocacy\/"]},{"@type":"Person","@id":"https:\/\/mihealtheurope.org\/#\/schema\/person\/8ee7e60cb98348ee22ba49b55a3427de","name":"MIHealthUsr","image":{"@type":"ImageObject","inLanguage":"fr-FR","@id":"https:\/\/secure.gravatar.com\/avatar\/65b1aeea531fe4c026e91a5cdd5df1cf982bbf024a4665e3257512f49f547bd0?s=96&d=mm&r=g","url":"https:\/\/secure.gravatar.com\/avatar\/65b1aeea531fe4c026e91a5cdd5df1cf982bbf024a4665e3257512f49f547bd0?s=96&d=mm&r=g","contentUrl":"https:\/\/secure.gravatar.com\/avatar\/65b1aeea531fe4c026e91a5cdd5df1cf982bbf024a4665e3257512f49f547bd0?s=96&d=mm&r=g","caption":"MIHealthUsr"},"sameAs":["https:\/\/mihealth.418staging.co.uk"],"url":"https:\/\/mihealtheurope.org\/fr\/author\/mihealthusr\/"}]}},"uagb_featured_image_src":{"full":["https:\/\/mihealtheurope.org\/wp-content\/uploads\/2023\/10\/Cover-image.jpg",898,620,false],"thumbnail":["https:\/\/mihealtheurope.org\/wp-content\/uploads\/2023\/10\/Cover-image-150x150.jpg",150,150,true],"medium":["https:\/\/mihealtheurope.org\/wp-content\/uploads\/2023\/10\/Cover-image-300x207.jpg",300,207,true],"medium_large":["https:\/\/mihealtheurope.org\/wp-content\/uploads\/2023\/10\/Cover-image-768x530.jpg",768,530,true],"large":["https:\/\/mihealtheurope.org\/wp-content\/uploads\/2023\/10\/Cover-image.jpg",898,620,false],"1536x1536":["https:\/\/mihealtheurope.org\/wp-content\/uploads\/2023\/10\/Cover-image.jpg",898,620,false],"2048x2048":["https:\/\/mihealtheurope.org\/wp-content\/uploads\/2023\/10\/Cover-image.jpg",898,620,false],"trp-custom-language-flag":["https:\/\/mihealtheurope.org\/wp-content\/uploads\/2023\/10\/Cover-image-18x12.jpg",18,12,true],"blog-img":["https:\/\/mihealtheurope.org\/wp-content\/uploads\/2023\/10\/Cover-image-600x400.jpg",600,400,true],"gform-image-choice-sm":["https:\/\/mihealtheurope.org\/wp-content\/uploads\/2023\/10\/Cover-image.jpg",300,207,false],"gform-image-choice-md":["https:\/\/mihealtheurope.org\/wp-content\/uploads\/2023\/10\/Cover-image.jpg",400,276,false],"gform-image-choice-lg":["https:\/\/mihealtheurope.org\/wp-content\/uploads\/2023\/10\/Cover-image.jpg",600,414,false]},"uagb_author_info":{"display_name":"MIHealthUsr","author_link":"https:\/\/mihealtheurope.org\/fr\/author\/mihealthusr\/"},"uagb_comment_info":0,"uagb_excerpt":"This toolkit offers resources and practical information for migrant health advocates working to improve the HIV-related health outcomes of migrants in precarious circumstances across the European region. These materials can be used when working directly with migrants or when engaging in HIV-, healthcare- and\/or immigration-related advocacy. This toolkit draws on content from AAF and Mi-Health\u2026","_links":{"self":[{"href":"https:\/\/mihealtheurope.org\/fr\/wp-json\/wp\/v2\/posts\/1781","targetHints":{"allow":["GET"]}}],"collection":[{"href":"https:\/\/mihealtheurope.org\/fr\/wp-json\/wp\/v2\/posts"}],"about":[{"href":"https:\/\/mihealtheurope.org\/fr\/wp-json\/wp\/v2\/types\/post"}],"author":[{"embeddable":true,"href":"https:\/\/mihealtheurope.org\/fr\/wp-json\/wp\/v2\/users\/1"}],"replies":[{"embeddable":true,"href":"https:\/\/mihealtheurope.org\/fr\/wp-json\/wp\/v2\/comments?post=1781"}],"version-history":[{"count":51,"href":"https:\/\/mihealtheurope.org\/fr\/wp-json\/wp\/v2\/posts\/1781\/revisions"}],"predecessor-version":[{"id":2237,"href":"https:\/\/mihealtheurope.org\/fr\/wp-json\/wp\/v2\/posts\/1781\/revisions\/2237"}],"wp:featuredmedia":[{"embeddable":true,"href":"https:\/\/mihealtheurope.org\/fr\/wp-json\/wp\/v2\/media\/1899"}],"wp:attachment":[{"href":"https:\/\/mihealtheurope.org\/fr\/wp-json\/wp\/v2\/media?parent=1781"}],"wp:term":[{"taxonomy":"category","embeddable":true,"href":"https:\/\/mihealtheurope.org\/fr\/wp-json\/wp\/v2\/categories?post=1781"},{"taxonomy":"post_tag","embeddable":true,"href":"https:\/\/mihealtheurope.org\/fr\/wp-json\/wp\/v2\/tags?post=1781"}],"curies":[{"name":"wp","href":"https:\/\/api.w.org\/{rel}","templated":true}]}}