{"id":1781,"date":"2023-10-09T16:00:21","date_gmt":"2023-10-09T15:00:21","guid":{"rendered":"https:\/\/mihealtheurope.org\/?p=1781"},"modified":"2024-06-10T14:32:31","modified_gmt":"2024-06-10T13:32:31","slug":"herramientas-de-formacion-sobre-la-salud-de-los-inmigrantes","status":"publish","type":"post","link":"https:\/\/mihealtheurope.org\/es\/migrant-health-training-toolkit\/","title":{"rendered":"Herramientas de formaci\u00f3n sobre salud de los inmigrantes"},"content":{"rendered":"<p>Este conjunto de herramientas ofrece recursos e informaci\u00f3n pr\u00e1ctica para los defensores de la salud de los inmigrantes que trabajan para mejorar los resultados sanitarios relacionados con el VIH de los inmigrantes en circunstancias precarias en toda la regi\u00f3n europea. Estos materiales pueden utilizarse cuando se trabaja directamente con inmigrantes o cuando se realizan actividades de promoci\u00f3n relacionadas con el VIH, la atenci\u00f3n sanitaria y\/o la inmigraci\u00f3n. Este conjunto de herramientas se basa en el contenido del programa anual de formaci\u00f3n de AAF y Mi-Health Europe para defensores de la salud de los inmigrantes, <a href=\"https:\/\/mihealtheurope.org\/es\/mi-care\/\">Mi-Care<\/a>. <\/p>\n\n\n\n<p>El VIH, la salud de los inmigrantes, la inmigraci\u00f3n y la pol\u00edtica sanitaria son temas complejos y en constante evoluci\u00f3n. Aunque estos materiales son exactos en las fechas que se indican a continuaci\u00f3n, no se trata de un recurso exhaustivo.<\/p>\n\n\n\n<div style=\"height:45px\" aria-hidden=\"true\" class=\"wp-block-spacer\"><\/div>\n\n\n\n<div class=\"wp-block-pb-accordion-item c-accordion__item js-accordion-item no-js\" data-initially-open=\"false\" data-click-to-close=\"true\" data-auto-close=\"true\" data-scroll=\"false\" data-scroll-offset=\"0\"><h2 id=\"at-17810\" class=\"c-accordion__title js-accordion-controller\" role=\"button\">M\u00f3dulo 1: Desigualdades en salud<\/h2><div id=\"ac-17810\" class=\"c-accordion__content\">\n<p>Este m\u00f3dulo abarca las desigualdades sanitarias y los determinantes sociales de la salud relevantes para las poblaciones migrantes, con especial atenci\u00f3n a <a href=\"https:\/\/home-affairs.ec.europa.eu\/networks\/european-migration-network-emn\/emn-asylum-and-migration-glossary\/glossary\/xenophobia_en\" target=\"_blank\" rel=\"noreferrer noopener\">xenofobia<\/a> y la discriminaci\u00f3n.<\/p>\n\n\n\n<p>Los materiales son exactos a partir de 2021.<\/p>\n\n\n\n<div class=\"wp-block-media-text is-stacked-on-mobile\"><figure class=\"wp-block-media-text__media\"><img loading=\"lazy\" decoding=\"async\" width=\"1024\" height=\"580\" src=\"https:\/\/mihealtheurope.org\/wp-content\/uploads\/2023\/10\/Inequalities-1024x580.jpg\" alt=\"Desigualdades sanitarias\" class=\"wp-image-1862 size-full\" srcset=\"https:\/\/mihealtheurope.org\/wp-content\/uploads\/2023\/10\/Inequalities-1024x580.jpg 1024w, https:\/\/mihealtheurope.org\/wp-content\/uploads\/2023\/10\/Inequalities-300x170.jpg 300w, https:\/\/mihealtheurope.org\/wp-content\/uploads\/2023\/10\/Inequalities-768x435.jpg 768w, https:\/\/mihealtheurope.org\/wp-content\/uploads\/2023\/10\/Inequalities-18x10.jpg 18w, https:\/\/mihealtheurope.org\/wp-content\/uploads\/2023\/10\/Inequalities.jpg 1293w\" sizes=\"auto, (max-width: 1024px) 100vw, 1024px\" \/><\/figure><div class=\"wp-block-media-text__content\">\n<p><a href=\"https:\/\/mihealtheurope.org\/wp-content\/uploads\/2023\/10\/Health-Inequalities-for-Migrant-Individuals.pdf\">Desigualdades sanitarias de los inmigrantes<\/a><\/p>\n<\/div><\/div>\n\n\n\n<div class=\"wp-block-media-text is-stacked-on-mobile\"><figure class=\"wp-block-media-text__media\"><img loading=\"lazy\" decoding=\"async\" width=\"1024\" height=\"582\" src=\"https:\/\/mihealtheurope.org\/wp-content\/uploads\/2023\/10\/Medical-1024x582.jpg\" alt=\"Desigualdades sanitarias\" class=\"wp-image-1863 size-full\" srcset=\"https:\/\/mihealtheurope.org\/wp-content\/uploads\/2023\/10\/Medical-1024x582.jpg 1024w, https:\/\/mihealtheurope.org\/wp-content\/uploads\/2023\/10\/Medical-300x171.jpg 300w, https:\/\/mihealtheurope.org\/wp-content\/uploads\/2023\/10\/Medical-768x437.jpg 768w, https:\/\/mihealtheurope.org\/wp-content\/uploads\/2023\/10\/Medical-18x10.jpg 18w, https:\/\/mihealtheurope.org\/wp-content\/uploads\/2023\/10\/Medical.jpg 1113w\" sizes=\"auto, (max-width: 1024px) 100vw, 1024px\" \/><\/figure><div class=\"wp-block-media-text__content\">\n<p><a href=\"https:\/\/mihealtheurope.org\/wp-content\/uploads\/2023\/10\/Social-Determinants-of-Health-Medical.pdf\">Determinantes sociales de la salud: Medical<\/a><\/p>\n<\/div><\/div>\n\n\n\n<div class=\"wp-block-media-text is-stacked-on-mobile\"><figure class=\"wp-block-media-text__media\"><img loading=\"lazy\" decoding=\"async\" width=\"1024\" height=\"583\" src=\"https:\/\/mihealtheurope.org\/wp-content\/uploads\/2023\/10\/Non-medical-1024x583.jpg\" alt=\"Desigualdades sanitarias\" class=\"wp-image-1864 size-full\" srcset=\"https:\/\/mihealtheurope.org\/wp-content\/uploads\/2023\/10\/Non-medical-1024x583.jpg 1024w, https:\/\/mihealtheurope.org\/wp-content\/uploads\/2023\/10\/Non-medical-300x171.jpg 300w, https:\/\/mihealtheurope.org\/wp-content\/uploads\/2023\/10\/Non-medical-768x438.jpg 768w, https:\/\/mihealtheurope.org\/wp-content\/uploads\/2023\/10\/Non-medical-18x10.jpg 18w, https:\/\/mihealtheurope.org\/wp-content\/uploads\/2023\/10\/Non-medical.jpg 1111w\" sizes=\"auto, (max-width: 1024px) 100vw, 1024px\" \/><\/figure><div class=\"wp-block-media-text__content\">\n<p><a href=\"https:\/\/mihealtheurope.org\/wp-content\/uploads\/2023\/10\/Social-Determinants-of-Health-Non-medical.pdf\">Determinantes sociales de la salud: No m\u00e9dicos<\/a><\/p>\n<\/div><\/div>\n\n\n\n<div class=\"wp-block-media-text is-stacked-on-mobile\"><figure class=\"wp-block-media-text__media\"><img loading=\"lazy\" decoding=\"async\" width=\"1024\" height=\"581\" src=\"https:\/\/mihealtheurope.org\/wp-content\/uploads\/2023\/10\/Xenophobia-1024x581.jpg\" alt=\"\" class=\"wp-image-1867 size-full\" srcset=\"https:\/\/mihealtheurope.org\/wp-content\/uploads\/2023\/10\/Xenophobia-1024x581.jpg 1024w, https:\/\/mihealtheurope.org\/wp-content\/uploads\/2023\/10\/Xenophobia-300x170.jpg 300w, https:\/\/mihealtheurope.org\/wp-content\/uploads\/2023\/10\/Xenophobia-768x435.jpg 768w, https:\/\/mihealtheurope.org\/wp-content\/uploads\/2023\/10\/Xenophobia-18x10.jpg 18w, https:\/\/mihealtheurope.org\/wp-content\/uploads\/2023\/10\/Xenophobia.jpg 1113w\" sizes=\"auto, (max-width: 1024px) 100vw, 1024px\" \/><\/figure><div class=\"wp-block-media-text__content\">\n<p><a href=\"https:\/\/mihealtheurope.org\/wp-content\/uploads\/2023\/10\/Impact-of-Xenophobia-Discrimination-on-Migration-and-Migrant-Health-Outcomes.pdf\">Impacto de la xenofobia y la discriminaci\u00f3n en la migraci\u00f3n y los resultados sanitarios de los migrantes<\/a><\/p>\n<\/div><\/div>\n<\/div><\/div>\n\n\n\n<div style=\"height:45px\" aria-hidden=\"true\" class=\"wp-block-spacer\"><\/div>\n\n\n\n<div class=\"wp-block-pb-accordion-item c-accordion__item js-accordion-item no-js\" data-initially-open=\"false\" data-click-to-close=\"true\" data-auto-close=\"true\" data-scroll=\"false\" data-scroll-offset=\"0\"><h2 id=\"at-17811\" class=\"c-accordion__title js-accordion-controller\" role=\"button\">M\u00f3dulo 2: Ciencia del VIH para las comunidades<\/h2><div id=\"ac-17811\" class=\"c-accordion__content\">\n<p>Este m\u00f3dulo abarca las pruebas, el tratamiento y la atenci\u00f3n relacionados con el VIH, e incluye explicaciones sobre los antirretrovirales, U=U, el tratamiento para poblaciones clave y las futuras l\u00edneas de investigaci\u00f3n.<\/p>\n\n\n\n<p>Los materiales son exactos a partir de 2022.<\/p>\n\n\n\n<div class=\"wp-block-media-text is-stacked-on-mobile\"><figure class=\"wp-block-media-text__media\"><img loading=\"lazy\" decoding=\"async\" width=\"1024\" height=\"588\" src=\"https:\/\/mihealtheurope.org\/wp-content\/uploads\/2023\/10\/HIV-science-1024x588.jpg\" alt=\"Ciencia del VIH para las comunidades\" class=\"wp-image-1869 size-full\" srcset=\"https:\/\/mihealtheurope.org\/wp-content\/uploads\/2023\/10\/HIV-science-1024x588.jpg 1024w, https:\/\/mihealtheurope.org\/wp-content\/uploads\/2023\/10\/HIV-science-300x172.jpg 300w, https:\/\/mihealtheurope.org\/wp-content\/uploads\/2023\/10\/HIV-science-768x441.jpg 768w, https:\/\/mihealtheurope.org\/wp-content\/uploads\/2023\/10\/HIV-science-18x10.jpg 18w, https:\/\/mihealtheurope.org\/wp-content\/uploads\/2023\/10\/HIV-science.jpg 1113w\" sizes=\"auto, (max-width: 1024px) 100vw, 1024px\" \/><\/figure><div class=\"wp-block-media-text__content\">\n<p><a href=\"https:\/\/mihealtheurope.org\/wp-content\/uploads\/2023\/10\/HIV-Sciences.pdf\">Ciencia del VIH para la comunidad<\/a><\/p>\n<\/div><\/div>\n<\/div><\/div>\n\n\n\n<div style=\"height:45px\" aria-hidden=\"true\" class=\"wp-block-spacer\"><\/div>\n\n\n\n<div class=\"wp-block-pb-accordion-item c-accordion__item js-accordion-item no-js\" data-initially-open=\"false\" data-click-to-close=\"true\" data-auto-close=\"true\" data-scroll=\"false\" data-scroll-offset=\"0\"><h2 id=\"at-17812\" class=\"c-accordion__title js-accordion-controller\" role=\"button\">M\u00f3dulo 3: Hepatitis v\u00edricas<\/h2><div id=\"ac-17812\" class=\"c-accordion__content\">\n<p>Este m\u00f3dulo trata de la prevenci\u00f3n, las pruebas y el tratamiento de las hepatitis v\u00edricas en el contexto de la migraci\u00f3n.<\/p>\n\n\n\n<p>Los materiales son exactos a partir de 2022.<\/p>\n\n\n\n<div class=\"wp-block-media-text is-stacked-on-mobile\"><figure class=\"wp-block-media-text__media\"><img loading=\"lazy\" decoding=\"async\" width=\"1024\" height=\"579\" src=\"https:\/\/mihealtheurope.org\/wp-content\/uploads\/2023\/10\/Hepatitis-1024x579.jpg\" alt=\"Hepatitis v\u00edrica\" class=\"wp-image-1872 size-full\" srcset=\"https:\/\/mihealtheurope.org\/wp-content\/uploads\/2023\/10\/Hepatitis-1024x579.jpg 1024w, https:\/\/mihealtheurope.org\/wp-content\/uploads\/2023\/10\/Hepatitis-300x170.jpg 300w, https:\/\/mihealtheurope.org\/wp-content\/uploads\/2023\/10\/Hepatitis-768x434.jpg 768w, https:\/\/mihealtheurope.org\/wp-content\/uploads\/2023\/10\/Hepatitis-18x10.jpg 18w, https:\/\/mihealtheurope.org\/wp-content\/uploads\/2023\/10\/Hepatitis.jpg 1114w\" sizes=\"auto, (max-width: 1024px) 100vw, 1024px\" \/><\/figure><div class=\"wp-block-media-text__content\">\n<p><a href=\"https:\/\/mihealtheurope.org\/wp-content\/uploads\/2023\/10\/Viral-hepatitis-elimination-\u2013-reaching-people.pdf\">Eliminaci\u00f3n de la hepatitis v\u00edrica: Llegar a la gente<\/a><\/p>\n<\/div><\/div>\n<\/div><\/div>\n\n\n\n<div style=\"height:45px\" aria-hidden=\"true\" class=\"wp-block-spacer\"><\/div>\n\n\n\n<div class=\"wp-block-pb-accordion-item c-accordion__item js-accordion-item no-js\" data-initially-open=\"false\" data-click-to-close=\"true\" data-auto-close=\"true\" data-scroll=\"false\" data-scroll-offset=\"0\"><h2 id=\"at-17813\" class=\"c-accordion__title js-accordion-controller\" role=\"button\">M\u00f3dulo 4: Visi\u00f3n general de la epidemiolog\u00eda del VIH<\/h2><div id=\"ac-17813\" class=\"c-accordion__content\">\n<p>Este m\u00f3dulo cubre los datos del ECDC para inmigrantes sobre epidemiolog\u00eda, pruebas y tratamiento del VIH.<\/p>\n\n\n\n<p>Los materiales son exactos a partir de 2022.<\/p>\n\n\n\n<div class=\"wp-block-media-text is-stacked-on-mobile\"><figure class=\"wp-block-media-text__media\"><img loading=\"lazy\" decoding=\"async\" width=\"1024\" height=\"583\" src=\"https:\/\/mihealtheurope.org\/wp-content\/uploads\/2023\/10\/ECDC-1024x583.jpg\" alt=\"Epidemiolog\u00eda del VIH\" class=\"wp-image-1874 size-full\" srcset=\"https:\/\/mihealtheurope.org\/wp-content\/uploads\/2023\/10\/ECDC-1024x583.jpg 1024w, https:\/\/mihealtheurope.org\/wp-content\/uploads\/2023\/10\/ECDC-300x171.jpg 300w, https:\/\/mihealtheurope.org\/wp-content\/uploads\/2023\/10\/ECDC-768x437.jpg 768w, https:\/\/mihealtheurope.org\/wp-content\/uploads\/2023\/10\/ECDC-18x10.jpg 18w, https:\/\/mihealtheurope.org\/wp-content\/uploads\/2023\/10\/ECDC.jpg 1118w\" sizes=\"auto, (max-width: 1024px) 100vw, 1024px\" \/><\/figure><div class=\"wp-block-media-text__content\">\n<p><a href=\"https:\/\/mihealtheurope.org\/wp-content\/uploads\/2023\/10\/ECDC-data-on-HIV-epidemiology-testing-and-treatment-focus-on-migrant-health.pdf\">Datos del ECDC sobre epidemiolog\u00eda, pruebas y tratamiento del VIH: Enfoque en la salud de los migrantes<\/a><\/p>\n<\/div><\/div>\n<\/div><\/div>\n\n\n\n<div style=\"height:45px\" aria-hidden=\"true\" class=\"wp-block-spacer\"><\/div>\n\n\n\n<div class=\"wp-block-pb-accordion-item c-accordion__item js-accordion-item no-js\" data-initially-open=\"false\" data-click-to-close=\"true\" data-auto-close=\"true\" data-scroll=\"false\" data-scroll-offset=\"0\"><h2 id=\"at-17814\" class=\"c-accordion__title js-accordion-controller\" role=\"button\">M\u00f3dulo 5: Pol\u00edtica y sistemas sanitarios<\/h2><div id=\"ac-17814\" class=\"c-accordion__content\">\n<p>Este m\u00f3dulo abarca las principales leyes y marcos internacionales que rigen el acceso de los inmigrantes a la asistencia sanitaria en Europa.<\/p>\n\n\n\n<p>Los materiales son exactos a partir de 2021.<\/p>\n\n\n\n<div class=\"wp-block-media-text is-stacked-on-mobile\"><figure class=\"wp-block-media-text__media\"><img loading=\"lazy\" decoding=\"async\" width=\"1024\" height=\"583\" src=\"https:\/\/mihealtheurope.org\/wp-content\/uploads\/2023\/10\/Healthcare-policy-1024x583.jpg\" alt=\"Pol\u00edtica y sistemas sanitarios\" class=\"wp-image-1876 size-full\" srcset=\"https:\/\/mihealtheurope.org\/wp-content\/uploads\/2023\/10\/Healthcare-policy-1024x583.jpg 1024w, https:\/\/mihealtheurope.org\/wp-content\/uploads\/2023\/10\/Healthcare-policy-300x171.jpg 300w, https:\/\/mihealtheurope.org\/wp-content\/uploads\/2023\/10\/Healthcare-policy-768x438.jpg 768w, https:\/\/mihealtheurope.org\/wp-content\/uploads\/2023\/10\/Healthcare-policy-18x10.jpg 18w, https:\/\/mihealtheurope.org\/wp-content\/uploads\/2023\/10\/Healthcare-policy.jpg 1118w\" sizes=\"auto, (max-width: 1024px) 100vw, 1024px\" \/><\/figure><div class=\"wp-block-media-text__content\">\n<p><a href=\"https:\/\/mihealtheurope.org\/wp-content\/uploads\/2023\/10\/Healthcare-Policy-Systems-and-International-Frameworks-1.pdf\">Pol\u00edtica sanitaria, sistemas y marcos internacionales<\/a><\/p>\n<\/div><\/div>\n<\/div><\/div>\n\n\n\n<div style=\"height:45px\" aria-hidden=\"true\" class=\"wp-block-spacer\"><\/div>\n\n\n\n<div class=\"wp-block-pb-accordion-item c-accordion__item js-accordion-item no-js\" data-initially-open=\"false\" data-click-to-close=\"true\" data-auto-close=\"true\" data-scroll=\"false\" data-scroll-offset=\"0\"><h2 id=\"at-17815\" class=\"c-accordion__title js-accordion-controller\" role=\"button\">M\u00f3dulo 6: Agendas estrat\u00e9gicas de salud<\/h2><div id=\"ac-17815\" class=\"c-accordion__content\">\n<p>Este m\u00f3dulo cubre la pol\u00edtica y las agendas globales de salud, incluida la financiaci\u00f3n de la respuesta al VIH y las agendas estrat\u00e9gicas.<\/p>\n\n\n\n<p>Los materiales son exactos a partir de 2022.<\/p>\n\n\n\n<div class=\"wp-block-media-text is-stacked-on-mobile\"><figure class=\"wp-block-media-text__media\"><img loading=\"lazy\" decoding=\"async\" width=\"1024\" height=\"580\" src=\"https:\/\/mihealtheurope.org\/wp-content\/uploads\/2023\/10\/Policy-and-strategic-agendas-1024x580.jpg\" alt=\"\" class=\"wp-image-1878 size-full\" srcset=\"https:\/\/mihealtheurope.org\/wp-content\/uploads\/2023\/10\/Policy-and-strategic-agendas-1024x580.jpg 1024w, https:\/\/mihealtheurope.org\/wp-content\/uploads\/2023\/10\/Policy-and-strategic-agendas-300x170.jpg 300w, https:\/\/mihealtheurope.org\/wp-content\/uploads\/2023\/10\/Policy-and-strategic-agendas-768x435.jpg 768w, https:\/\/mihealtheurope.org\/wp-content\/uploads\/2023\/10\/Policy-and-strategic-agendas-18x10.jpg 18w, https:\/\/mihealtheurope.org\/wp-content\/uploads\/2023\/10\/Policy-and-strategic-agendas.jpg 1115w\" sizes=\"auto, (max-width: 1024px) 100vw, 1024px\" \/><\/figure><div class=\"wp-block-media-text__content\">\n<p><a href=\"https:\/\/mihealtheurope.org\/wp-content\/uploads\/2023\/10\/Policy-directions-and-current-topics-at-the-national-and-international-levels-for-HIV-healthcare-and-health-systems.pdf\">Pol\u00edticas: Orientaciones y temas de actualidad a nivel nacional e internacional para el VIH, la atenci\u00f3n sanitaria y los sistemas de salud<\/a><\/p>\n<\/div><\/div>\n<\/div><\/div>\n\n\n\n<div style=\"height:45px\" aria-hidden=\"true\" class=\"wp-block-spacer\"><\/div>\n\n\n\n<div class=\"wp-block-pb-accordion-item c-accordion__item js-accordion-item no-js\" data-initially-open=\"false\" data-click-to-close=\"true\" data-auto-close=\"true\" data-scroll=\"false\" data-scroll-offset=\"0\"><h2 id=\"at-17816\" class=\"c-accordion__title js-accordion-controller\" role=\"button\">M\u00f3dulo 7: Investigaci\u00f3n sobre la salud de los inmigrantes<\/h2><div id=\"ac-17816\" class=\"c-accordion__content\">\n<p>Este m\u00f3dulo abarca la investigaci\u00f3n sobre el VIH en inmigrantes y minor\u00edas \u00e9tnicas en Europa, incluidas las lagunas en la bibliograf\u00eda y la promoci\u00f3n basada en datos.<\/p>\n\n\n\n<p>Los materiales son exactos a partir de 2022.<\/p>\n\n\n\n<div class=\"wp-block-media-text is-stacked-on-mobile\"><figure class=\"wp-block-media-text__media\"><img loading=\"lazy\" decoding=\"async\" width=\"1024\" height=\"585\" src=\"https:\/\/mihealtheurope.org\/wp-content\/uploads\/2023\/10\/Data-driven-research-1024x585.jpg\" alt=\"Investigaci\u00f3n sobre la salud de los inmigrantes\" class=\"wp-image-1879 size-full\" srcset=\"https:\/\/mihealtheurope.org\/wp-content\/uploads\/2023\/10\/Data-driven-research-1024x585.jpg 1024w, https:\/\/mihealtheurope.org\/wp-content\/uploads\/2023\/10\/Data-driven-research-300x171.jpg 300w, https:\/\/mihealtheurope.org\/wp-content\/uploads\/2023\/10\/Data-driven-research-768x438.jpg 768w, https:\/\/mihealtheurope.org\/wp-content\/uploads\/2023\/10\/Data-driven-research-18x10.jpg 18w, https:\/\/mihealtheurope.org\/wp-content\/uploads\/2023\/10\/Data-driven-research.jpg 1107w\" sizes=\"auto, (max-width: 1024px) 100vw, 1024px\" \/><\/figure><div class=\"wp-block-media-text__content\">\n<p><a href=\"https:\/\/mihealtheurope.org\/wp-content\/uploads\/2023\/10\/Migrants-and-Ethnic-minorities-and-HIV-In-Europe-\u2013-Research-and-data-driven-responses.pdf\">Inmigrantes y minor\u00edas \u00e9tnicas y VIH en Europa: Investigaci\u00f3n y respuestas basadas en datos<\/a><\/p>\n<\/div><\/div>\n<\/div><\/div>\n\n\n\n<div style=\"height:45px\" aria-hidden=\"true\" class=\"wp-block-spacer\"><\/div>\n\n\n\n<div class=\"wp-block-pb-accordion-item c-accordion__item js-accordion-item no-js\" data-initially-open=\"false\" data-click-to-close=\"true\" data-auto-close=\"true\" data-scroll=\"false\" data-scroll-offset=\"0\"><h2 id=\"at-17817\" class=\"c-accordion__title js-accordion-controller\" role=\"button\">M\u00f3dulo 8: Defensa de los migrantes<\/h2><div id=\"ac-17817\" class=\"c-accordion__content\">\n<p>Este m\u00f3dulo abarca las iniciativas comunitarias y la capacitaci\u00f3n de los pacientes inmigrantes.<\/p>\n\n\n\n<p>Los materiales sobre las iniciativas dirigidas por la comunidad son exactos a partir de 2021 y los materiales sobre la capacitaci\u00f3n de los pacientes son exactos a partir de 2022.<\/p>\n\n\n\n<div class=\"wp-block-media-text is-stacked-on-mobile\"><figure class=\"wp-block-media-text__media\"><img loading=\"lazy\" decoding=\"async\" width=\"1024\" height=\"582\" src=\"https:\/\/mihealtheurope.org\/wp-content\/uploads\/2023\/10\/Community-led-intiatives-1024x582.jpg\" alt=\"Defensa de los inmigrantes\" class=\"wp-image-1882 size-full\" srcset=\"https:\/\/mihealtheurope.org\/wp-content\/uploads\/2023\/10\/Community-led-intiatives-1024x582.jpg 1024w, https:\/\/mihealtheurope.org\/wp-content\/uploads\/2023\/10\/Community-led-intiatives-300x171.jpg 300w, https:\/\/mihealtheurope.org\/wp-content\/uploads\/2023\/10\/Community-led-intiatives-768x437.jpg 768w, https:\/\/mihealtheurope.org\/wp-content\/uploads\/2023\/10\/Community-led-intiatives-18x10.jpg 18w, https:\/\/mihealtheurope.org\/wp-content\/uploads\/2023\/10\/Community-led-intiatives.jpg 1119w\" sizes=\"auto, (max-width: 1024px) 100vw, 1024px\" \/><\/figure><div class=\"wp-block-media-text__content\">\n<p><a href=\"https:\/\/mihealtheurope.org\/wp-content\/uploads\/2023\/10\/Successful-Community-led-Initiatives.pdf\">\u00bfQu\u00e9 hace que una iniciativa comunitaria tenga \u00e9xito?<\/a><\/p>\n<\/div><\/div>\n\n\n\n<div class=\"wp-block-media-text is-stacked-on-mobile\"><figure class=\"wp-block-media-text__media\"><img loading=\"lazy\" decoding=\"async\" width=\"1024\" height=\"579\" src=\"https:\/\/mihealtheurope.org\/wp-content\/uploads\/2023\/10\/From-do-to-to-do-with-1024x579.jpg\" alt=\"Defensa de los inmigrantes\" class=\"wp-image-1883 size-full\" srcset=\"https:\/\/mihealtheurope.org\/wp-content\/uploads\/2023\/10\/From-do-to-to-do-with-1024x579.jpg 1024w, https:\/\/mihealtheurope.org\/wp-content\/uploads\/2023\/10\/From-do-to-to-do-with-300x170.jpg 300w, https:\/\/mihealtheurope.org\/wp-content\/uploads\/2023\/10\/From-do-to-to-do-with-768x434.jpg 768w, https:\/\/mihealtheurope.org\/wp-content\/uploads\/2023\/10\/From-do-to-to-do-with-18x10.jpg 18w, https:\/\/mihealtheurope.org\/wp-content\/uploads\/2023\/10\/From-do-to-to-do-with.jpg 1121w\" sizes=\"auto, (max-width: 1024px) 100vw, 1024px\" \/><\/figure><div class=\"wp-block-media-text__content\">\n<p><a href=\"https:\/\/mihealtheurope.org\/wp-content\/uploads\/2023\/10\/Advocacy.pdf\">Del \"hacer para\" al \"hacer con\": Lograr la autonom\u00eda del paciente mediante la defensa de sus derechos<\/a><\/p>\n<\/div><\/div>\n<\/div><\/div>\n\n\n\n<div style=\"height:45px\" aria-hidden=\"true\" class=\"wp-block-spacer\"><\/div>\n\n\n\n<div class=\"wp-block-pb-accordion-item c-accordion__item js-accordion-item no-js\" data-initially-open=\"false\" data-click-to-close=\"true\" data-auto-close=\"true\" data-scroll=\"false\" data-scroll-offset=\"0\"><h2 id=\"at-17818\" class=\"c-accordion__title js-accordion-controller\" role=\"button\">M\u00f3dulo 9: Justicia y defensa del cambio<\/h2><div id=\"ac-17818\" class=\"c-accordion__content\">\n<p>Este m\u00f3dulo abarca los derechos humanos, los tipos de justicia y los marcos y t\u00e9cnicas de defensa para el cambio.<\/p>\n\n\n\n<p>Los materiales sobre marcos de defensa son actualizados en 2022 y los materiales sobre derechos humanos, justicia y cambio social son actualizados en 2021.<\/p>\n\n\n\n<div class=\"wp-block-media-text is-stacked-on-mobile\"><figure class=\"wp-block-media-text__media\"><img loading=\"lazy\" decoding=\"async\" width=\"1024\" height=\"578\" src=\"https:\/\/mihealtheurope.org\/wp-content\/uploads\/2023\/10\/Advocacy-1024x578.jpg\" alt=\"Justicia y defensa del cambio\" class=\"wp-image-1885 size-full\" srcset=\"https:\/\/mihealtheurope.org\/wp-content\/uploads\/2023\/10\/Advocacy-1024x578.jpg 1024w, https:\/\/mihealtheurope.org\/wp-content\/uploads\/2023\/10\/Advocacy-300x169.jpg 300w, https:\/\/mihealtheurope.org\/wp-content\/uploads\/2023\/10\/Advocacy-768x434.jpg 768w, https:\/\/mihealtheurope.org\/wp-content\/uploads\/2023\/10\/Advocacy-18x10.jpg 18w, https:\/\/mihealtheurope.org\/wp-content\/uploads\/2023\/10\/Advocacy.jpg 1119w\" sizes=\"auto, (max-width: 1024px) 100vw, 1024px\" \/><\/figure><div class=\"wp-block-media-text__content\">\n<p><a href=\"https:\/\/mihealtheurope.org\/wp-content\/uploads\/2023\/10\/Advocacy-1.pdf\">Defensa<\/a><\/p>\n<\/div><\/div>\n\n\n\n<div class=\"wp-block-media-text is-stacked-on-mobile\"><figure class=\"wp-block-media-text__media\"><img loading=\"lazy\" decoding=\"async\" width=\"842\" height=\"633\" src=\"https:\/\/mihealtheurope.org\/wp-content\/uploads\/2023\/10\/Social-service-to-social-change.jpg\" alt=\"Caja de herramientas para la defensa de la salud de los migrantes: Recursos para defensores del VIH\" class=\"wp-image-1888 size-full\" srcset=\"https:\/\/mihealtheurope.org\/wp-content\/uploads\/2023\/10\/Social-service-to-social-change.jpg 842w, https:\/\/mihealtheurope.org\/wp-content\/uploads\/2023\/10\/Social-service-to-social-change-300x226.jpg 300w, https:\/\/mihealtheurope.org\/wp-content\/uploads\/2023\/10\/Social-service-to-social-change-768x577.jpg 768w, https:\/\/mihealtheurope.org\/wp-content\/uploads\/2023\/10\/Social-service-to-social-change-16x12.jpg 16w\" sizes=\"auto, (max-width: 842px) 100vw, 842px\" \/><\/figure><div class=\"wp-block-media-text__content\">\n<p><a href=\"https:\/\/mihealtheurope.org\/wp-content\/uploads\/2023\/10\/From-Social-Service-to-Social-Change-1.pdf\">Del servicio social al cambio social: La defensa de los derechos humanos en nuestro trabajo<\/a><\/p>\n<\/div><\/div>\n\n\n\n<div class=\"wp-block-media-text is-stacked-on-mobile\"><figure class=\"wp-block-media-text__media\"><img loading=\"lazy\" decoding=\"async\" width=\"1024\" height=\"584\" src=\"https:\/\/mihealtheurope.org\/wp-content\/uploads\/2023\/10\/Transformative-advocacy-1024x584.jpg\" alt=\"Caja de herramientas para la defensa de la salud de los migrantes: Recursos para defensores del VIH\" class=\"wp-image-1889 size-full\" srcset=\"https:\/\/mihealtheurope.org\/wp-content\/uploads\/2023\/10\/Transformative-advocacy-1024x584.jpg 1024w, https:\/\/mihealtheurope.org\/wp-content\/uploads\/2023\/10\/Transformative-advocacy-300x171.jpg 300w, https:\/\/mihealtheurope.org\/wp-content\/uploads\/2023\/10\/Transformative-advocacy-768x438.jpg 768w, https:\/\/mihealtheurope.org\/wp-content\/uploads\/2023\/10\/Transformative-advocacy-18x10.jpg 18w, https:\/\/mihealtheurope.org\/wp-content\/uploads\/2023\/10\/Transformative-advocacy.jpg 1119w\" sizes=\"auto, (max-width: 1024px) 100vw, 1024px\" \/><\/figure><div class=\"wp-block-media-text__content\">\n<p><a href=\"https:\/\/mihealtheurope.org\/wp-content\/uploads\/2023\/10\/Transformative-Advocacy-1.pdf\">Enfoques de abogac\u00eda transformadora: Se trata de justicia<\/a><\/p>\n<\/div><\/div>\n<\/div><\/div>\n\n\n\n<div style=\"height:45px\" aria-hidden=\"true\" class=\"wp-block-spacer\"><\/div>\n\n\n\n<div class=\"wp-block-pb-accordion-item c-accordion__item js-accordion-item no-js\" data-initially-open=\"false\" data-click-to-close=\"true\" data-auto-close=\"true\" data-scroll=\"false\" data-scroll-offset=\"0\"><h2 id=\"at-17819\" class=\"c-accordion__title js-accordion-controller\" role=\"button\">M\u00f3dulo 10: Campa\u00f1as digitales<\/h2><div id=\"ac-17819\" class=\"c-accordion__content\">\n<p>Este m\u00f3dulo abarca las comunicaciones, los medios sociales y el uso de plataformas digitales y campa\u00f1as.<\/p>\n\n\n\n<p>Los materiales son exactos a partir de 2021.<\/p>\n\n\n\n<div class=\"wp-block-media-text is-stacked-on-mobile\"><figure class=\"wp-block-media-text__media\"><img loading=\"lazy\" decoding=\"async\" width=\"1024\" height=\"585\" src=\"https:\/\/mihealtheurope.org\/wp-content\/uploads\/2023\/10\/Comms-1024x585.jpg\" alt=\"Caja de herramientas para la defensa de la salud de los migrantes: Recursos para defensores del VIH\" class=\"wp-image-1891 size-full\" srcset=\"https:\/\/mihealtheurope.org\/wp-content\/uploads\/2023\/10\/Comms-1024x585.jpg 1024w, https:\/\/mihealtheurope.org\/wp-content\/uploads\/2023\/10\/Comms-300x171.jpg 300w, https:\/\/mihealtheurope.org\/wp-content\/uploads\/2023\/10\/Comms-768x439.jpg 768w, https:\/\/mihealtheurope.org\/wp-content\/uploads\/2023\/10\/Comms-18x10.jpg 18w, https:\/\/mihealtheurope.org\/wp-content\/uploads\/2023\/10\/Comms.jpg 1120w\" sizes=\"auto, (max-width: 1024px) 100vw, 1024px\" \/><\/figure><div class=\"wp-block-media-text__content\">\n<p><a href=\"https:\/\/mihealtheurope.org\/wp-content\/uploads\/2023\/10\/Communications-Digital-Campaigning-and-Social-Media-1.pdf\">Comunicaci\u00f3n, campa\u00f1as digitales y redes sociales<\/a><\/p>\n<\/div><\/div>\n<\/div><\/div>","protected":false},"excerpt":{"rendered":"<p>This toolkit offers resources and practical information for migrant health advocates working to improve the HIV-related health outcomes of migrants in precarious circumstances across the European region. These materials can be used when working directly with migrants or when engaging in HIV-, healthcare- and\/or immigration-related advocacy. This toolkit draws on content from AAF and Mi-Health [&hellip;]<\/p>\n","protected":false},"author":1,"featured_media":1899,"comment_status":"closed","ping_status":"closed","sticky":false,"template":"","format":"standard","meta":{"_acf_changed":false,"_uag_custom_page_level_css":"","footnotes":""},"categories":[1],"tags":[],"class_list":["post-1781","post","type-post","status-publish","format-standard","has-post-thumbnail","hentry","category-community-blog"],"acf":[],"yoast_head":"<!-- This site is optimized with the Yoast SEO plugin v27.4 - https:\/\/yoast.com\/product\/yoast-seo-wordpress\/ -->\n<title>Migrant Health Advocacy Toolkit: Resources for HIV Advocates - Mi-Health Europe<\/title>\n<meta name=\"description\" content=\"Discover our Migrant Health Advocacy Toolkit\u2014a comprehensive resource for HIV advocates working with migrants in Europe.\" \/>\n<meta name=\"robots\" content=\"index, follow, max-snippet:-1, max-image-preview:large, max-video-preview:-1\" \/>\n<link rel=\"canonical\" href=\"https:\/\/mihealtheurope.org\/es\/herramientas-de-formacion-sobre-la-salud-de-los-inmigrantes\/\" \/>\n<meta property=\"og:locale\" content=\"es_ES\" \/>\n<meta property=\"og:type\" content=\"article\" \/>\n<meta property=\"og:title\" content=\"Migrant Health Advocacy Toolkit: Resources for HIV Advocates - Mi-Health Europe\" \/>\n<meta property=\"og:description\" content=\"Discover our Migrant Health Advocacy Toolkit\u2014a comprehensive resource for HIV advocates working with migrants in Europe.\" \/>\n<meta property=\"og:url\" content=\"https:\/\/mihealtheurope.org\/es\/herramientas-de-formacion-sobre-la-salud-de-los-inmigrantes\/\" \/>\n<meta property=\"og:site_name\" content=\"Mi-Health Europe\" \/>\n<meta property=\"article:publisher\" content=\"https:\/\/www.facebook.com\/MiHealthAAF\" \/>\n<meta property=\"article:published_time\" content=\"2023-10-09T15:00:21+00:00\" \/>\n<meta property=\"article:modified_time\" content=\"2024-06-10T13:32:31+00:00\" \/>\n<meta property=\"og:image\" content=\"https:\/\/mihealtheurope.org\/wp-content\/uploads\/2023\/10\/Cover-image.jpg\" \/>\n\t<meta property=\"og:image:width\" content=\"898\" \/>\n\t<meta property=\"og:image:height\" content=\"620\" \/>\n\t<meta property=\"og:image:type\" content=\"image\/jpeg\" \/>\n<meta name=\"author\" content=\"MIHealthUsr\" \/>\n<meta name=\"twitter:card\" content=\"summary_large_image\" \/>\n<meta name=\"twitter:creator\" content=\"@MiHealth_Europe\" \/>\n<meta name=\"twitter:site\" content=\"@MiHealth_Europe\" \/>\n<meta name=\"twitter:label1\" content=\"Escrito por\" \/>\n\t<meta name=\"twitter:data1\" content=\"MIHealthUsr\" \/>\n\t<meta name=\"twitter:label2\" content=\"Tiempo de lectura\" \/>\n\t<meta name=\"twitter:data2\" content=\"6 minutos\" \/>\n<script type=\"application\/ld+json\" class=\"yoast-schema-graph\">{\"@context\":\"https:\\\/\\\/schema.org\",\"@graph\":[{\"@type\":\"Article\",\"@id\":\"https:\\\/\\\/mihealtheurope.org\\\/migrant-health-training-toolkit\\\/#article\",\"isPartOf\":{\"@id\":\"https:\\\/\\\/mihealtheurope.org\\\/migrant-health-training-toolkit\\\/\"},\"author\":{\"name\":\"MIHealthUsr\",\"@id\":\"https:\\\/\\\/mihealtheurope.org\\\/#\\\/schema\\\/person\\\/8ee7e60cb98348ee22ba49b55a3427de\"},\"headline\":\"Migrant Health Training Toolkit\",\"datePublished\":\"2023-10-09T15:00:21+00:00\",\"dateModified\":\"2024-06-10T13:32:31+00:00\",\"mainEntityOfPage\":{\"@id\":\"https:\\\/\\\/mihealtheurope.org\\\/migrant-health-training-toolkit\\\/\"},\"wordCount\":510,\"publisher\":{\"@id\":\"https:\\\/\\\/mihealtheurope.org\\\/#organization\"},\"image\":{\"@id\":\"https:\\\/\\\/mihealtheurope.org\\\/migrant-health-training-toolkit\\\/#primaryimage\"},\"thumbnailUrl\":\"https:\\\/\\\/mihealtheurope.org\\\/wp-content\\\/uploads\\\/2023\\\/10\\\/Cover-image.jpg\",\"articleSection\":[\"Community of Practice\"],\"inLanguage\":\"es\"},{\"@type\":\"WebPage\",\"@id\":\"https:\\\/\\\/mihealtheurope.org\\\/migrant-health-training-toolkit\\\/\",\"url\":\"https:\\\/\\\/mihealtheurope.org\\\/migrant-health-training-toolkit\\\/\",\"name\":\"Migrant Health Advocacy Toolkit: Resources for HIV Advocates - Mi-Health Europe\",\"isPartOf\":{\"@id\":\"https:\\\/\\\/mihealtheurope.org\\\/#website\"},\"primaryImageOfPage\":{\"@id\":\"https:\\\/\\\/mihealtheurope.org\\\/migrant-health-training-toolkit\\\/#primaryimage\"},\"image\":{\"@id\":\"https:\\\/\\\/mihealtheurope.org\\\/migrant-health-training-toolkit\\\/#primaryimage\"},\"thumbnailUrl\":\"https:\\\/\\\/mihealtheurope.org\\\/wp-content\\\/uploads\\\/2023\\\/10\\\/Cover-image.jpg\",\"datePublished\":\"2023-10-09T15:00:21+00:00\",\"dateModified\":\"2024-06-10T13:32:31+00:00\",\"description\":\"Discover our Migrant Health Advocacy Toolkit\u2014a comprehensive resource for HIV advocates working with migrants in Europe.\",\"breadcrumb\":{\"@id\":\"https:\\\/\\\/mihealtheurope.org\\\/migrant-health-training-toolkit\\\/#breadcrumb\"},\"inLanguage\":\"es\",\"potentialAction\":[{\"@type\":\"ReadAction\",\"target\":[\"https:\\\/\\\/mihealtheurope.org\\\/migrant-health-training-toolkit\\\/\"]}]},{\"@type\":\"ImageObject\",\"inLanguage\":\"es\",\"@id\":\"https:\\\/\\\/mihealtheurope.org\\\/migrant-health-training-toolkit\\\/#primaryimage\",\"url\":\"https:\\\/\\\/mihealtheurope.org\\\/wp-content\\\/uploads\\\/2023\\\/10\\\/Cover-image.jpg\",\"contentUrl\":\"https:\\\/\\\/mihealtheurope.org\\\/wp-content\\\/uploads\\\/2023\\\/10\\\/Cover-image.jpg\",\"width\":898,\"height\":620},{\"@type\":\"BreadcrumbList\",\"@id\":\"https:\\\/\\\/mihealtheurope.org\\\/migrant-health-training-toolkit\\\/#breadcrumb\",\"itemListElement\":[{\"@type\":\"ListItem\",\"position\":1,\"name\":\"Home\",\"item\":\"https:\\\/\\\/mihealtheurope.org\\\/\"},{\"@type\":\"ListItem\",\"position\":2,\"name\":\"Migrant Health Training Toolkit\"}]},{\"@type\":\"WebSite\",\"@id\":\"https:\\\/\\\/mihealtheurope.org\\\/#website\",\"url\":\"https:\\\/\\\/mihealtheurope.org\\\/\",\"name\":\"https:\\\/\\\/mihealtheurope.org\\\/\",\"description\":\"Improving migrant health\",\"publisher\":{\"@id\":\"https:\\\/\\\/mihealtheurope.org\\\/#organization\"},\"potentialAction\":[{\"@type\":\"SearchAction\",\"target\":{\"@type\":\"EntryPoint\",\"urlTemplate\":\"https:\\\/\\\/mihealtheurope.org\\\/?s={search_term_string}\"},\"query-input\":{\"@type\":\"PropertyValueSpecification\",\"valueRequired\":true,\"valueName\":\"search_term_string\"}}],\"inLanguage\":\"es\"},{\"@type\":\"Organization\",\"@id\":\"https:\\\/\\\/mihealtheurope.org\\\/#organization\",\"name\":\"Mi-Health Europe\",\"url\":\"https:\\\/\\\/mihealtheurope.org\\\/\",\"logo\":{\"@type\":\"ImageObject\",\"inLanguage\":\"es\",\"@id\":\"https:\\\/\\\/mihealtheurope.org\\\/#\\\/schema\\\/logo\\\/image\\\/\",\"url\":\"https:\\\/\\\/mihealtheurope.org\\\/wp-content\\\/uploads\\\/2024\\\/04\\\/MiHealth_Blue-High-Res.png\",\"contentUrl\":\"https:\\\/\\\/mihealtheurope.org\\\/wp-content\\\/uploads\\\/2024\\\/04\\\/MiHealth_Blue-High-Res.png\",\"width\":1536,\"height\":1489,\"caption\":\"Mi-Health Europe\"},\"image\":{\"@id\":\"https:\\\/\\\/mihealtheurope.org\\\/#\\\/schema\\\/logo\\\/image\\\/\"},\"sameAs\":[\"https:\\\/\\\/www.facebook.com\\\/MiHealthAAF\",\"https:\\\/\\\/x.com\\\/MiHealth_Europe\",\"https:\\\/\\\/www.instagram.com\\\/mi_health_advocacy\\\/\"]},{\"@type\":\"Person\",\"@id\":\"https:\\\/\\\/mihealtheurope.org\\\/#\\\/schema\\\/person\\\/8ee7e60cb98348ee22ba49b55a3427de\",\"name\":\"MIHealthUsr\",\"image\":{\"@type\":\"ImageObject\",\"inLanguage\":\"es\",\"@id\":\"https:\\\/\\\/secure.gravatar.com\\\/avatar\\\/65b1aeea531fe4c026e91a5cdd5df1cf982bbf024a4665e3257512f49f547bd0?s=96&d=mm&r=g\",\"url\":\"https:\\\/\\\/secure.gravatar.com\\\/avatar\\\/65b1aeea531fe4c026e91a5cdd5df1cf982bbf024a4665e3257512f49f547bd0?s=96&d=mm&r=g\",\"contentUrl\":\"https:\\\/\\\/secure.gravatar.com\\\/avatar\\\/65b1aeea531fe4c026e91a5cdd5df1cf982bbf024a4665e3257512f49f547bd0?s=96&d=mm&r=g\",\"caption\":\"MIHealthUsr\"},\"sameAs\":[\"https:\\\/\\\/mihealth.418staging.co.uk\"],\"url\":\"https:\\\/\\\/mihealtheurope.org\\\/es\\\/author\\\/mihealthusr\\\/\"}]}<\/script>\n<!-- \/ Yoast SEO plugin. -->","yoast_head_json":{"title":"Kit de herramientas para la defensa de la salud de los migrantes: Recursos para promotores de la lucha contra el VIH - Mi-Health Europe","description":"Descubra nuestra Caja de herramientas para la defensa de la salud de los inmigrantes, un recurso completo para los defensores del VIH que trabajan con inmigrantes en Europa.","robots":{"index":"index","follow":"follow","max-snippet":"max-snippet:-1","max-image-preview":"max-image-preview:large","max-video-preview":"max-video-preview:-1"},"canonical":"https:\/\/mihealtheurope.org\/es\/herramientas-de-formacion-sobre-la-salud-de-los-inmigrantes\/","og_locale":"es_ES","og_type":"article","og_title":"Migrant Health Advocacy Toolkit: Resources for HIV Advocates - Mi-Health Europe","og_description":"Discover our Migrant Health Advocacy Toolkit\u2014a comprehensive resource for HIV advocates working with migrants in Europe.","og_url":"https:\/\/mihealtheurope.org\/es\/herramientas-de-formacion-sobre-la-salud-de-los-inmigrantes\/","og_site_name":"Mi-Health Europe","article_publisher":"https:\/\/www.facebook.com\/MiHealthAAF","article_published_time":"2023-10-09T15:00:21+00:00","article_modified_time":"2024-06-10T13:32:31+00:00","og_image":[{"width":898,"height":620,"url":"https:\/\/mihealtheurope.org\/wp-content\/uploads\/2023\/10\/Cover-image.jpg","type":"image\/jpeg"}],"author":"MIHealthUsr","twitter_card":"summary_large_image","twitter_creator":"@MiHealth_Europe","twitter_site":"@MiHealth_Europe","twitter_misc":{"Escrito por":"MIHealthUsr","Tiempo de lectura":"6 minutos"},"schema":{"@context":"https:\/\/schema.org","@graph":[{"@type":"Article","@id":"https:\/\/mihealtheurope.org\/migrant-health-training-toolkit\/#article","isPartOf":{"@id":"https:\/\/mihealtheurope.org\/migrant-health-training-toolkit\/"},"author":{"name":"MIHealthUsr","@id":"https:\/\/mihealtheurope.org\/#\/schema\/person\/8ee7e60cb98348ee22ba49b55a3427de"},"headline":"Migrant Health Training Toolkit","datePublished":"2023-10-09T15:00:21+00:00","dateModified":"2024-06-10T13:32:31+00:00","mainEntityOfPage":{"@id":"https:\/\/mihealtheurope.org\/migrant-health-training-toolkit\/"},"wordCount":510,"publisher":{"@id":"https:\/\/mihealtheurope.org\/#organization"},"image":{"@id":"https:\/\/mihealtheurope.org\/migrant-health-training-toolkit\/#primaryimage"},"thumbnailUrl":"https:\/\/mihealtheurope.org\/wp-content\/uploads\/2023\/10\/Cover-image.jpg","articleSection":["Community of Practice"],"inLanguage":"es"},{"@type":"WebPage","@id":"https:\/\/mihealtheurope.org\/migrant-health-training-toolkit\/","url":"https:\/\/mihealtheurope.org\/migrant-health-training-toolkit\/","name":"Kit de herramientas para la defensa de la salud de los migrantes: Recursos para promotores de la lucha contra el VIH - Mi-Health Europe","isPartOf":{"@id":"https:\/\/mihealtheurope.org\/#website"},"primaryImageOfPage":{"@id":"https:\/\/mihealtheurope.org\/migrant-health-training-toolkit\/#primaryimage"},"image":{"@id":"https:\/\/mihealtheurope.org\/migrant-health-training-toolkit\/#primaryimage"},"thumbnailUrl":"https:\/\/mihealtheurope.org\/wp-content\/uploads\/2023\/10\/Cover-image.jpg","datePublished":"2023-10-09T15:00:21+00:00","dateModified":"2024-06-10T13:32:31+00:00","description":"Descubra nuestra Caja de herramientas para la defensa de la salud de los inmigrantes, un recurso completo para los defensores del VIH que trabajan con inmigrantes en Europa.","breadcrumb":{"@id":"https:\/\/mihealtheurope.org\/migrant-health-training-toolkit\/#breadcrumb"},"inLanguage":"es","potentialAction":[{"@type":"ReadAction","target":["https:\/\/mihealtheurope.org\/migrant-health-training-toolkit\/"]}]},{"@type":"ImageObject","inLanguage":"es","@id":"https:\/\/mihealtheurope.org\/migrant-health-training-toolkit\/#primaryimage","url":"https:\/\/mihealtheurope.org\/wp-content\/uploads\/2023\/10\/Cover-image.jpg","contentUrl":"https:\/\/mihealtheurope.org\/wp-content\/uploads\/2023\/10\/Cover-image.jpg","width":898,"height":620},{"@type":"BreadcrumbList","@id":"https:\/\/mihealtheurope.org\/migrant-health-training-toolkit\/#breadcrumb","itemListElement":[{"@type":"ListItem","position":1,"name":"Home","item":"https:\/\/mihealtheurope.org\/"},{"@type":"ListItem","position":2,"name":"Migrant Health Training Toolkit"}]},{"@type":"WebSite","@id":"https:\/\/mihealtheurope.org\/#website","url":"https:\/\/mihealtheurope.org\/","name":"https:\/\/mihealtheurope.org\/","description":"Mejorar la salud de los inmigrantes","publisher":{"@id":"https:\/\/mihealtheurope.org\/#organization"},"potentialAction":[{"@type":"SearchAction","target":{"@type":"EntryPoint","urlTemplate":"https:\/\/mihealtheurope.org\/?s={search_term_string}"},"query-input":{"@type":"PropertyValueSpecification","valueRequired":true,"valueName":"search_term_string"}}],"inLanguage":"es"},{"@type":"Organization","@id":"https:\/\/mihealtheurope.org\/#organization","name":"Mi-Health Europe","url":"https:\/\/mihealtheurope.org\/","logo":{"@type":"ImageObject","inLanguage":"es","@id":"https:\/\/mihealtheurope.org\/#\/schema\/logo\/image\/","url":"https:\/\/mihealtheurope.org\/wp-content\/uploads\/2024\/04\/MiHealth_Blue-High-Res.png","contentUrl":"https:\/\/mihealtheurope.org\/wp-content\/uploads\/2024\/04\/MiHealth_Blue-High-Res.png","width":1536,"height":1489,"caption":"Mi-Health Europe"},"image":{"@id":"https:\/\/mihealtheurope.org\/#\/schema\/logo\/image\/"},"sameAs":["https:\/\/www.facebook.com\/MiHealthAAF","https:\/\/x.com\/MiHealth_Europe","https:\/\/www.instagram.com\/mi_health_advocacy\/"]},{"@type":"Person","@id":"https:\/\/mihealtheurope.org\/#\/schema\/person\/8ee7e60cb98348ee22ba49b55a3427de","name":"MIHealthUsr","image":{"@type":"ImageObject","inLanguage":"es","@id":"https:\/\/secure.gravatar.com\/avatar\/65b1aeea531fe4c026e91a5cdd5df1cf982bbf024a4665e3257512f49f547bd0?s=96&d=mm&r=g","url":"https:\/\/secure.gravatar.com\/avatar\/65b1aeea531fe4c026e91a5cdd5df1cf982bbf024a4665e3257512f49f547bd0?s=96&d=mm&r=g","contentUrl":"https:\/\/secure.gravatar.com\/avatar\/65b1aeea531fe4c026e91a5cdd5df1cf982bbf024a4665e3257512f49f547bd0?s=96&d=mm&r=g","caption":"MIHealthUsr"},"sameAs":["https:\/\/mihealth.418staging.co.uk"],"url":"https:\/\/mihealtheurope.org\/es\/author\/mihealthusr\/"}]}},"uagb_featured_image_src":{"full":["https:\/\/mihealtheurope.org\/wp-content\/uploads\/2023\/10\/Cover-image.jpg",898,620,false],"thumbnail":["https:\/\/mihealtheurope.org\/wp-content\/uploads\/2023\/10\/Cover-image-150x150.jpg",150,150,true],"medium":["https:\/\/mihealtheurope.org\/wp-content\/uploads\/2023\/10\/Cover-image-300x207.jpg",300,207,true],"medium_large":["https:\/\/mihealtheurope.org\/wp-content\/uploads\/2023\/10\/Cover-image-768x530.jpg",768,530,true],"large":["https:\/\/mihealtheurope.org\/wp-content\/uploads\/2023\/10\/Cover-image.jpg",898,620,false],"1536x1536":["https:\/\/mihealtheurope.org\/wp-content\/uploads\/2023\/10\/Cover-image.jpg",898,620,false],"2048x2048":["https:\/\/mihealtheurope.org\/wp-content\/uploads\/2023\/10\/Cover-image.jpg",898,620,false],"trp-custom-language-flag":["https:\/\/mihealtheurope.org\/wp-content\/uploads\/2023\/10\/Cover-image-18x12.jpg",18,12,true],"blog-img":["https:\/\/mihealtheurope.org\/wp-content\/uploads\/2023\/10\/Cover-image-600x400.jpg",600,400,true],"gform-image-choice-sm":["https:\/\/mihealtheurope.org\/wp-content\/uploads\/2023\/10\/Cover-image.jpg",300,207,false],"gform-image-choice-md":["https:\/\/mihealtheurope.org\/wp-content\/uploads\/2023\/10\/Cover-image.jpg",400,276,false],"gform-image-choice-lg":["https:\/\/mihealtheurope.org\/wp-content\/uploads\/2023\/10\/Cover-image.jpg",600,414,false]},"uagb_author_info":{"display_name":"MIHealthUsr","author_link":"https:\/\/mihealtheurope.org\/es\/author\/mihealthusr\/"},"uagb_comment_info":0,"uagb_excerpt":"This toolkit offers resources and practical information for migrant health advocates working to improve the HIV-related health outcomes of migrants in precarious circumstances across the European region. These materials can be used when working directly with migrants or when engaging in HIV-, healthcare- and\/or immigration-related advocacy. This toolkit draws on content from AAF and Mi-Health&hellip;","_links":{"self":[{"href":"https:\/\/mihealtheurope.org\/es\/wp-json\/wp\/v2\/posts\/1781","targetHints":{"allow":["GET"]}}],"collection":[{"href":"https:\/\/mihealtheurope.org\/es\/wp-json\/wp\/v2\/posts"}],"about":[{"href":"https:\/\/mihealtheurope.org\/es\/wp-json\/wp\/v2\/types\/post"}],"author":[{"embeddable":true,"href":"https:\/\/mihealtheurope.org\/es\/wp-json\/wp\/v2\/users\/1"}],"replies":[{"embeddable":true,"href":"https:\/\/mihealtheurope.org\/es\/wp-json\/wp\/v2\/comments?post=1781"}],"version-history":[{"count":51,"href":"https:\/\/mihealtheurope.org\/es\/wp-json\/wp\/v2\/posts\/1781\/revisions"}],"predecessor-version":[{"id":2237,"href":"https:\/\/mihealtheurope.org\/es\/wp-json\/wp\/v2\/posts\/1781\/revisions\/2237"}],"wp:featuredmedia":[{"embeddable":true,"href":"https:\/\/mihealtheurope.org\/es\/wp-json\/wp\/v2\/media\/1899"}],"wp:attachment":[{"href":"https:\/\/mihealtheurope.org\/es\/wp-json\/wp\/v2\/media?parent=1781"}],"wp:term":[{"taxonomy":"category","embeddable":true,"href":"https:\/\/mihealtheurope.org\/es\/wp-json\/wp\/v2\/categories?post=1781"},{"taxonomy":"post_tag","embeddable":true,"href":"https:\/\/mihealtheurope.org\/es\/wp-json\/wp\/v2\/tags?post=1781"}],"curies":[{"name":"wp","href":"https:\/\/api.w.org\/{rel}","templated":true}]}}